{"id":9876,"date":"2022-11-14T10:05:51","date_gmt":"2022-11-14T09:05:51","guid":{"rendered":"http:\/\/habitatgesocial.org\/mejora-en-la-gestion-de-los-suministros\/"},"modified":"2023-04-21T12:46:12","modified_gmt":"2023-04-21T10:46:12","slug":"mejora-en-la-gestion-de-los-suministros","status":"publish","type":"post","link":"https:\/\/habitatgesocial.org\/es\/mejora-en-la-gestion-de-los-suministros\/","title":{"rendered":"Mejora en la gesti\u00f3n de los suministros"},"content":{"rendered":"\t\t<div data-elementor-type=\"wp-post\" data-elementor-id=\"9876\" class=\"elementor elementor-9876 elementor-8472\" data-elementor-post-type=\"post\">\n\t\t\t\t\t\t<section class=\"elementor-section elementor-top-section elementor-element elementor-element-066c088 elementor-section-boxed elementor-section-height-default elementor-section-height-default\" data-id=\"066c088\" data-element_type=\"section\" data-e-type=\"section\">\n\t\t\t\t\t\t<div class=\"elementor-container elementor-column-gap-default\">\n\t\t\t\t\t<div class=\"elementor-column elementor-col-100 elementor-top-column elementor-element elementor-element-4df6a6a\" data-id=\"4df6a6a\" data-element_type=\"column\" data-e-type=\"column\">\n\t\t\t<div class=\"elementor-widget-wrap elementor-element-populated\">\n\t\t\t\t\t\t<div class=\"elementor-element elementor-element-9c2292b elementor-widget elementor-widget-text-editor\" data-id=\"9c2292b\" data-element_type=\"widget\" data-e-type=\"widget\" data-widget_type=\"text-editor.default\">\n\t\t\t\t\t\t\t\t\t<p><span style=\"color: rgb(83, 100, 113); font-family: TwitterChirp, -apple-system, \"system-ui\", \"Segoe UI\", Roboto, Helvetica, Arial, sans-serif; font-size: 15px; white-space: pre-wrap;\"><i>Foto de Claudio Schwarz<\/i><\/span><\/p>\n\t\t\t\t\t\t\t\t<\/div>\n\t\t\t\t\t<\/div>\n\t\t<\/div>\n\t\t\t\t\t<\/div>\n\t\t<\/section>\n\t\t\t\t<section class=\"elementor-section elementor-top-section elementor-element elementor-element-083ff19 elementor-section-boxed elementor-section-height-default elementor-section-height-default\" data-id=\"083ff19\" data-element_type=\"section\" data-e-type=\"section\">\n\t\t\t\t\t\t<div class=\"elementor-container elementor-column-gap-default\">\n\t\t\t\t\t<div class=\"elementor-column elementor-col-100 elementor-top-column elementor-element elementor-element-2b50319\" data-id=\"2b50319\" data-element_type=\"column\" data-e-type=\"column\">\n\t\t\t<div class=\"elementor-widget-wrap elementor-element-populated\">\n\t\t\t\t\t\t<div class=\"elementor-element elementor-element-96c6363 elementor-widget elementor-widget-heading\" data-id=\"96c6363\" data-element_type=\"widget\" data-e-type=\"widget\" data-widget_type=\"heading.default\">\n\t\t\t\t\t<h2 class=\"elementor-heading-title elementor-size-default\">Nos revisamos constantemente para mejorar el acompa\u00f1amiento a las familias y adaptarlos a la realidad social.<\/h2>\t\t\t\t<\/div>\n\t\t\t\t\t<\/div>\n\t\t<\/div>\n\t\t\t\t\t<\/div>\n\t\t<\/section>\n\t\t\t\t<section class=\"elementor-section elementor-top-section elementor-element elementor-element-439cd4e elementor-section-boxed elementor-section-height-default elementor-section-height-default\" data-id=\"439cd4e\" data-element_type=\"section\" data-e-type=\"section\">\n\t\t\t\t\t\t<div class=\"elementor-container elementor-column-gap-default\">\n\t\t\t\t\t<div class=\"elementor-column elementor-col-100 elementor-top-column elementor-element elementor-element-b73e568\" data-id=\"b73e568\" data-element_type=\"column\" data-e-type=\"column\">\n\t\t\t<div class=\"elementor-widget-wrap elementor-element-populated\">\n\t\t\t\t\t\t<div class=\"elementor-element elementor-element-6722d27 elementor-widget-divider--view-line elementor-widget elementor-widget-divider\" data-id=\"6722d27\" data-element_type=\"widget\" data-e-type=\"widget\" data-widget_type=\"divider.default\">\n\t\t\t\t\t\t\t<div class=\"elementor-divider\">\n\t\t\t<span class=\"elementor-divider-separator\">\n\t\t\t\t\t\t<\/span>\n\t\t<\/div>\n\t\t\t\t\t\t<\/div>\n\t\t\t\t\t<\/div>\n\t\t<\/div>\n\t\t\t\t\t<\/div>\n\t\t<\/section>\n\t\t\t\t<section class=\"elementor-section elementor-top-section elementor-element elementor-element-893da17 elementor-section-boxed elementor-section-height-default elementor-section-height-default\" data-id=\"893da17\" data-element_type=\"section\" data-e-type=\"section\">\n\t\t\t\t\t\t<div class=\"elementor-container elementor-column-gap-default\">\n\t\t\t\t\t<div class=\"elementor-column elementor-col-100 elementor-top-column elementor-element elementor-element-3c9d044\" data-id=\"3c9d044\" data-element_type=\"column\" data-e-type=\"column\">\n\t\t\t<div class=\"elementor-widget-wrap elementor-element-populated\">\n\t\t\t\t\t\t<div class=\"elementor-element elementor-element-45db171 elementor-widget elementor-widget-text-editor\" data-id=\"45db171\" data-element_type=\"widget\" data-e-type=\"widget\" data-widget_type=\"text-editor.default\">\n\t\t\t\t\t\t\t\t\t<p>Hace a\u00f1os, el impago de las facturas comportaba el corte autom\u00e1tico de los suministros. En ese momento la Fundaci\u00f3n opt\u00f3 por poner a su nombre la facturaci\u00f3n de todos sus pisos. De esta forma nos hac\u00edamos cargo del pago que, m\u00e1s tarde, cuando la familia pod\u00eda nos abonaba.<\/p>\n<p>Han pasado los a\u00f1os y ahora ya no se pueden cortar los suministros a las familias en situaci\u00f3n de vulnerabilidad. Por eso, desde una visi\u00f3n social hemos decidido reformular esta situaci\u00f3n ya partir de ahora, <strong>y siempre que la situaci\u00f3n de la familia lo permita<\/strong> , los suministros estar\u00e1n a nombre de las familias.<\/p>\n<p>Este cambio permitir\u00e1, primero, la posibilidad de las familias de acogerse a los descuentos por situaci\u00f3n de vulnerabilidad, y segundo trabajar el empoderamiento y la autonom\u00eda de las familias.<\/p>\n<p>Para aplicar estos cambios, las nuevas familias que entren en una vivienda de la Fundaci\u00f3n&nbsp; tendr\u00e1n los suministros a su nuevo desde el primer d\u00eda de contrato. En el caso de las familias con contratos vigentes, la Fundaci\u00f3n les est\u00e1 acompa\u00f1ando a realizar el cambio de suministro de manera progresiva.<\/p>\t\t\t\t\t\t\t\t<\/div>\n\t\t\t\t\t<\/div>\n\t\t<\/div>\n\t\t\t\t\t<\/div>\n\t\t<\/section>\n\t\t\t\t<section class=\"elementor-section elementor-top-section elementor-element elementor-element-76d1ff1 elementor-section-boxed elementor-section-height-default elementor-section-height-default\" data-id=\"76d1ff1\" data-element_type=\"section\" data-e-type=\"section\">\n\t\t\t\t\t\t<div class=\"elementor-container elementor-column-gap-default\">\n\t\t\t\t\t<div class=\"elementor-column elementor-col-100 elementor-top-column elementor-element elementor-element-016587b\" data-id=\"016587b\" data-element_type=\"column\" data-e-type=\"column\">\n\t\t\t<div class=\"elementor-widget-wrap elementor-element-populated\">\n\t\t\t\t\t\t<div class=\"elementor-element elementor-element-c7657b1 elementor-widget-divider--view-line elementor-widget elementor-widget-divider\" data-id=\"c7657b1\" data-element_type=\"widget\" data-e-type=\"widget\" data-widget_type=\"divider.default\">\n\t\t\t\t\t\t\t<div class=\"elementor-divider\">\n\t\t\t<span class=\"elementor-divider-separator\">\n\t\t\t\t\t\t<\/span>\n\t\t<\/div>\n\t\t\t\t\t\t<\/div>\n\t\t\t\t\t<\/div>\n\t\t<\/div>\n\t\t\t\t\t<\/div>\n\t\t<\/section>\n\t\t\t\t<section class=\"elementor-section elementor-top-section elementor-element elementor-element-79e0d19 elementor-section-boxed elementor-section-height-default elementor-section-height-default\" data-id=\"79e0d19\" data-element_type=\"section\" data-e-type=\"section\">\n\t\t\t\t\t\t<div class=\"elementor-container elementor-column-gap-default\">\n\t\t\t\t\t<div class=\"elementor-column elementor-col-100 elementor-top-column elementor-element elementor-element-8a242ba\" data-id=\"8a242ba\" data-element_type=\"column\" data-e-type=\"column\">\n\t\t\t<div class=\"elementor-widget-wrap elementor-element-populated\">\n\t\t\t\t\t\t<div class=\"elementor-element elementor-element-a5d2631 elementor-widget elementor-widget-text-editor\" data-id=\"a5d2631\" data-element_type=\"widget\" data-e-type=\"widget\" data-widget_type=\"text-editor.default\">\n\t\t\t\t\t\t\t\t\t<p>Nuestro compromiso con los ODS 2030<\/p>\n\t\t\t\t\t\t\t\t<\/div>\n\t\t\t\t\t<\/div>\n\t\t<\/div>\n\t\t\t\t\t<\/div>\n\t\t<\/section>\n\t\t\t\t<section class=\"elementor-section elementor-top-section elementor-element elementor-element-8bb72bd elementor-section-boxed elementor-section-height-default elementor-section-height-default\" data-id=\"8bb72bd\" data-element_type=\"section\" data-e-type=\"section\">\n\t\t\t\t\t\t<div class=\"elementor-container elementor-column-gap-default\">\n\t\t\t\t\t<div class=\"elementor-column elementor-col-33 elementor-top-column elementor-element elementor-element-9b4a612\" data-id=\"9b4a612\" data-element_type=\"column\" data-e-type=\"column\">\n\t\t\t<div class=\"elementor-widget-wrap elementor-element-populated\">\n\t\t\t\t\t\t<div class=\"elementor-element elementor-element-22a1e50 elementor-widget elementor-widget-image\" data-id=\"22a1e50\" data-element_type=\"widget\" data-e-type=\"widget\" data-widget_type=\"image.default\">\n\t\t\t\t\t\t\t\t\t\t\t\t\t\t\t<img loading=\"lazy\" decoding=\"async\" width=\"508\" height=\"506\" src=\"https:\/\/habitatgesocial.org\/wp-content\/uploads\/2022\/02\/1odsfi-pobresa.jpg\" class=\"attachment-large size-large wp-image-8573\" alt=\"\" srcset=\"https:\/\/habitatgesocial.org\/wp-content\/uploads\/2022\/02\/1odsfi-pobresa.jpg 508w, https:\/\/habitatgesocial.org\/wp-content\/uploads\/2022\/02\/1odsfi-pobresa-300x300.jpg 300w, https:\/\/habitatgesocial.org\/wp-content\/uploads\/2022\/02\/1odsfi-pobresa-150x150.jpg 150w\" sizes=\"auto, (max-width: 508px) 100vw, 508px\" \/>\t\t\t\t\t\t\t\t\t\t\t\t\t\t\t<\/div>\n\t\t\t\t\t<\/div>\n\t\t<\/div>\n\t\t\t\t<div class=\"elementor-column elementor-col-33 elementor-top-column elementor-element elementor-element-9a44ab5\" data-id=\"9a44ab5\" data-element_type=\"column\" data-e-type=\"column\">\n\t\t\t<div class=\"elementor-widget-wrap elementor-element-populated\">\n\t\t\t\t\t\t<div class=\"elementor-element elementor-element-be56014 elementor-widget elementor-widget-image\" data-id=\"be56014\" data-element_type=\"widget\" data-e-type=\"widget\" data-widget_type=\"image.default\">\n\t\t\t\t\t\t\t\t\t\t\t\t\t\t\t<img loading=\"lazy\" decoding=\"async\" width=\"508\" height=\"500\" src=\"https:\/\/habitatgesocial.org\/wp-content\/uploads\/2022\/02\/7odsenergia-assequible-i-no-contaminant.jpg\" class=\"attachment-large size-large wp-image-8575\" alt=\"\" srcset=\"https:\/\/habitatgesocial.org\/wp-content\/uploads\/2022\/02\/7odsenergia-assequible-i-no-contaminant.jpg 508w, https:\/\/habitatgesocial.org\/wp-content\/uploads\/2022\/02\/7odsenergia-assequible-i-no-contaminant-300x295.jpg 300w\" sizes=\"auto, (max-width: 508px) 100vw, 508px\" \/>\t\t\t\t\t\t\t\t\t\t\t\t\t\t\t<\/div>\n\t\t\t\t\t<\/div>\n\t\t<\/div>\n\t\t\t\t<div class=\"elementor-column elementor-col-33 elementor-top-column elementor-element elementor-element-ce09694\" data-id=\"ce09694\" data-element_type=\"column\" data-e-type=\"column\">\n\t\t\t<div class=\"elementor-widget-wrap elementor-element-populated\">\n\t\t\t\t\t\t<div class=\"elementor-element elementor-element-ccabd02 elementor-widget elementor-widget-image\" data-id=\"ccabd02\" data-element_type=\"widget\" data-e-type=\"widget\" data-widget_type=\"image.default\">\n\t\t\t\t\t\t\t\t\t\t\t\t\t\t\t<img decoding=\"async\" width=\"509\" height=\"500\" src=\"https:\/\/habitatgesocial.org\/wp-content\/uploads\/2022\/11\/10odsreduccio-desigualtats.jpg\" class=\"attachment-large size-large wp-image-8590\" alt=\"\" loading=\"lazy\" srcset=\"https:\/\/habitatgesocial.org\/wp-content\/uploads\/2022\/11\/10odsreduccio-desigualtats.jpg 509w, https:\/\/habitatgesocial.org\/wp-content\/uploads\/2022\/11\/10odsreduccio-desigualtats-300x295.jpg 300w\" sizes=\"auto, (max-width: 509px) 100vw, 509px\" \/>\t\t\t\t\t\t\t\t\t\t\t\t\t\t\t<\/div>\n\t\t\t\t\t<\/div>\n\t\t<\/div>\n\t\t\t\t\t<\/div>\n\t\t<\/section>\n\t\t\t\t<\/div>\n\t\t","protected":false},"excerpt":{"rendered":"<p>Foto de Claudio Schwarz Nos revisamos constantemente para mejorar el acompa\u00f1amiento a las familias y adaptarlos a la realidad social. Hace a\u00f1os, el impago de las facturas comportaba el corte autom\u00e1tico de los suministros. En ese momento la Fundaci\u00f3n opt\u00f3 por poner a su nombre la facturaci\u00f3n de todos sus pisos. De esta forma nos &#8230; <a title=\"Mejora en la gesti\u00f3n de los suministros\" class=\"read-more\" href=\"https:\/\/habitatgesocial.org\/es\/mejora-en-la-gestion-de-los-suministros\/\" aria-label=\"Read more about Mejora en la gesti\u00f3n de los suministros\">Read more<\/a><\/p>\n","protected":false},"author":2,"featured_media":8483,"comment_status":"closed","ping_status":"closed","sticky":false,"template":"","format":"standard","meta":{"footnotes":""},"categories":[10],"tags":[],"class_list":["post-9876","post","type-post","status-publish","format-standard","has-post-thumbnail","hentry","category-noticias"],"_links":{"self":[{"href":"https:\/\/habitatgesocial.org\/es\/wp-json\/wp\/v2\/posts\/9876","targetHints":{"allow":["GET"]}}],"collection":[{"href":"https:\/\/habitatgesocial.org\/es\/wp-json\/wp\/v2\/posts"}],"about":[{"href":"https:\/\/habitatgesocial.org\/es\/wp-json\/wp\/v2\/types\/post"}],"author":[{"embeddable":true,"href":"https:\/\/habitatgesocial.org\/es\/wp-json\/wp\/v2\/users\/2"}],"replies":[{"embeddable":true,"href":"https:\/\/habitatgesocial.org\/es\/wp-json\/wp\/v2\/comments?post=9876"}],"version-history":[{"count":0,"href":"https:\/\/habitatgesocial.org\/es\/wp-json\/wp\/v2\/posts\/9876\/revisions"}],"wp:featuredmedia":[{"embeddable":true,"href":"https:\/\/habitatgesocial.org\/es\/wp-json\/wp\/v2\/media\/8483"}],"wp:attachment":[{"href":"https:\/\/habitatgesocial.org\/es\/wp-json\/wp\/v2\/media?parent=9876"}],"wp:term":[{"taxonomy":"category","embeddable":true,"href":"https:\/\/habitatgesocial.org\/es\/wp-json\/wp\/v2\/categories?post=9876"},{"taxonomy":"post_tag","embeddable":true,"href":"https:\/\/habitatgesocial.org\/es\/wp-json\/wp\/v2\/tags?post=9876"}],"curies":[{"name":"wp","href":"https:\/\/api.w.org\/{rel}","templated":true}]}}