{"id":9846,"date":"2022-11-15T10:05:48","date_gmt":"2022-11-15T09:05:48","guid":{"rendered":"http:\/\/habitatgesocial.org\/un-dia-en-la-vida-de-una-educadora-social-de-la-fundacion\/"},"modified":"2023-04-21T12:52:05","modified_gmt":"2023-04-21T10:52:05","slug":"un-dia-en-la-vida-de-una-educadora-social-de-la-fundacion","status":"publish","type":"post","link":"https:\/\/habitatgesocial.org\/es\/un-dia-en-la-vida-de-una-educadora-social-de-la-fundacion\/","title":{"rendered":"Un d\u00eda en la vida de una educadora social de la Fundaci\u00f3n"},"content":{"rendered":"\t\t<div data-elementor-type=\"wp-post\" data-elementor-id=\"9846\" class=\"elementor elementor-9846 elementor-8421\" data-elementor-post-type=\"post\">\n\t\t\t\t\t\t<section class=\"elementor-section elementor-top-section elementor-element elementor-element-4ac771c elementor-section-boxed elementor-section-height-default elementor-section-height-default\" data-id=\"4ac771c\" data-element_type=\"section\" data-e-type=\"section\">\n\t\t\t\t\t\t<div class=\"elementor-container elementor-column-gap-default\">\n\t\t\t\t\t<div class=\"elementor-column elementor-col-100 elementor-top-column elementor-element elementor-element-2105cb5\" data-id=\"2105cb5\" data-element_type=\"column\" data-e-type=\"column\">\n\t\t\t<div class=\"elementor-widget-wrap elementor-element-populated\">\n\t\t\t\t\t\t<div class=\"elementor-element elementor-element-2e5e7f6 elementor-widget elementor-widget-text-editor\" data-id=\"2e5e7f6\" data-element_type=\"widget\" data-e-type=\"widget\" data-widget_type=\"text-editor.default\">\n\t\t\t\t\t\t\t\t\t<p><i>Foto de Laura Pujol<\/i><\/p>\n\t\t\t\t\t\t\t\t<\/div>\n\t\t\t\t\t<\/div>\n\t\t<\/div>\n\t\t\t\t\t<\/div>\n\t\t<\/section>\n\t\t\t\t<section class=\"elementor-section elementor-top-section elementor-element elementor-element-9722aad elementor-section-boxed elementor-section-height-default elementor-section-height-default\" data-id=\"9722aad\" data-element_type=\"section\" data-e-type=\"section\">\n\t\t\t\t\t\t<div class=\"elementor-container elementor-column-gap-default\">\n\t\t\t\t\t<div class=\"elementor-column elementor-col-100 elementor-top-column elementor-element elementor-element-796306d\" data-id=\"796306d\" data-element_type=\"column\" data-e-type=\"column\">\n\t\t\t<div class=\"elementor-widget-wrap elementor-element-populated\">\n\t\t\t\t\t\t<div class=\"elementor-element elementor-element-ecbd28c elementor-widget__width-initial e-transform e-transform e-transform elementor-widget elementor-widget-heading\" data-id=\"ecbd28c\" data-element_type=\"widget\" data-e-type=\"widget\" data-settings=\"{&quot;_transform_rotateZ_effect&quot;:{&quot;unit&quot;:&quot;px&quot;,&quot;size&quot;:&quot;&quot;,&quot;sizes&quot;:[]},&quot;_transform_rotateZ_effect_tablet&quot;:{&quot;unit&quot;:&quot;deg&quot;,&quot;size&quot;:&quot;&quot;,&quot;sizes&quot;:[]},&quot;_transform_rotateZ_effect_mobile&quot;:{&quot;unit&quot;:&quot;deg&quot;,&quot;size&quot;:&quot;&quot;,&quot;sizes&quot;:[]},&quot;_transform_translateX_effect&quot;:{&quot;unit&quot;:&quot;px&quot;,&quot;size&quot;:&quot;&quot;,&quot;sizes&quot;:[]},&quot;_transform_translateX_effect_tablet&quot;:{&quot;unit&quot;:&quot;px&quot;,&quot;size&quot;:&quot;&quot;,&quot;sizes&quot;:[]},&quot;_transform_translateX_effect_mobile&quot;:{&quot;unit&quot;:&quot;px&quot;,&quot;size&quot;:&quot;&quot;,&quot;sizes&quot;:[]},&quot;_transform_translateY_effect&quot;:{&quot;unit&quot;:&quot;px&quot;,&quot;size&quot;:&quot;&quot;,&quot;sizes&quot;:[]},&quot;_transform_translateY_effect_tablet&quot;:{&quot;unit&quot;:&quot;px&quot;,&quot;size&quot;:&quot;&quot;,&quot;sizes&quot;:[]},&quot;_transform_translateY_effect_mobile&quot;:{&quot;unit&quot;:&quot;px&quot;,&quot;size&quot;:&quot;&quot;,&quot;sizes&quot;:[]},&quot;_transform_skewX_effect&quot;:{&quot;unit&quot;:&quot;px&quot;,&quot;size&quot;:&quot;&quot;,&quot;sizes&quot;:[]},&quot;_transform_skewX_effect_tablet&quot;:{&quot;unit&quot;:&quot;deg&quot;,&quot;size&quot;:&quot;&quot;,&quot;sizes&quot;:[]},&quot;_transform_skewX_effect_mobile&quot;:{&quot;unit&quot;:&quot;deg&quot;,&quot;size&quot;:&quot;&quot;,&quot;sizes&quot;:[]},&quot;_transform_skewY_effect&quot;:{&quot;unit&quot;:&quot;px&quot;,&quot;size&quot;:&quot;&quot;,&quot;sizes&quot;:[]},&quot;_transform_skewY_effect_tablet&quot;:{&quot;unit&quot;:&quot;deg&quot;,&quot;size&quot;:&quot;&quot;,&quot;sizes&quot;:[]},&quot;_transform_skewY_effect_mobile&quot;:{&quot;unit&quot;:&quot;deg&quot;,&quot;size&quot;:&quot;&quot;,&quot;sizes&quot;:[]}}\" data-widget_type=\"heading.default\">\n\t\t\t\t\t<h3 class=\"elementor-heading-title elementor-size-default\">Actualmente la Fundaci\u00f3n tiene un equipo de 10 educadoras sociales que realizan el acompa\u00f1amiento a las familias que viven en los pisos que gestiona la entidad. Hablamos con <b>Anna Moya<\/b> , una de nuestras compa\u00f1eras, para que nos explique c\u00f3mo es su trabajo y su d\u00eda a d\u00eda.<\/h3>\t\t\t\t<\/div>\n\t\t\t\t\t<\/div>\n\t\t<\/div>\n\t\t\t\t\t<\/div>\n\t\t<\/section>\n\t\t\t\t<section class=\"elementor-section elementor-top-section elementor-element elementor-element-ee91445 elementor-section-boxed elementor-section-height-default elementor-section-height-default\" data-id=\"ee91445\" data-element_type=\"section\" data-e-type=\"section\">\n\t\t\t\t\t\t<div class=\"elementor-container elementor-column-gap-default\">\n\t\t\t\t\t<div class=\"elementor-column elementor-col-100 elementor-top-column elementor-element elementor-element-a525ee0\" data-id=\"a525ee0\" data-element_type=\"column\" data-e-type=\"column\">\n\t\t\t<div class=\"elementor-widget-wrap elementor-element-populated\">\n\t\t\t\t\t\t<div class=\"elementor-element elementor-element-1fb3faa elementor-widget-divider--view-line elementor-widget elementor-widget-divider\" data-id=\"1fb3faa\" data-element_type=\"widget\" data-e-type=\"widget\" data-widget_type=\"divider.default\">\n\t\t\t\t\t\t\t<div class=\"elementor-divider\">\n\t\t\t<span class=\"elementor-divider-separator\">\n\t\t\t\t\t\t<\/span>\n\t\t<\/div>\n\t\t\t\t\t\t<\/div>\n\t\t\t\t\t<\/div>\n\t\t<\/div>\n\t\t\t\t\t<\/div>\n\t\t<\/section>\n\t\t\t\t<section class=\"elementor-section elementor-top-section elementor-element elementor-element-bd9969c elementor-section-boxed elementor-section-height-default elementor-section-height-default\" data-id=\"bd9969c\" data-element_type=\"section\" data-e-type=\"section\">\n\t\t\t\t\t\t<div class=\"elementor-container elementor-column-gap-default\">\n\t\t\t\t\t<div class=\"elementor-column elementor-col-100 elementor-top-column elementor-element elementor-element-1dbe200\" data-id=\"1dbe200\" data-element_type=\"column\" data-e-type=\"column\">\n\t\t\t<div class=\"elementor-widget-wrap elementor-element-populated\">\n\t\t\t\t\t\t<div class=\"elementor-element elementor-element-78b7718 elementor-widget elementor-widget-text-editor\" data-id=\"78b7718\" data-element_type=\"widget\" data-e-type=\"widget\" data-widget_type=\"text-editor.default\">\n\t\t\t\t\t\t\t\t\t<p><strong><span style=\"color: var( --e-global-color-text ); font-family: var( --e-global-typography-text-font-family ), Open Sans;\">Fundaci\u00f3n Vivienda Social: Buenos d\u00edas Anna, \u00bfc\u00f3mo es tu jornada laboral?<\/span><\/strong><\/p>\n<p>Anna Moya: Pues no puedo explicarla porque nunca da igual. Nosotros trabajamos con una media de 44 familias y todas ellas son muy diferentes y necesitan que las acompa\u00f1emos de forma diferente. Por mucho que intentes planificar la realidad se impone.<\/p>\n<p><strong>FHS: Pero tiene diferentes tareas&#8230;<\/strong><\/p>\n<p>AM: \u00a1Verdad tanto! <span style=\"color: var( --e-global-color-text ); font-family: var( --e-global-typography-text-font-family ), Open Sans; font-weight: var( --e-global-typography-text-font-weight );\">Cuando llega una nueva familia a un piso de la Fundaci\u00f3n lo que hacemos es sentarse con ellas y hacer el plan de trabajo. Despu\u00e9s iremos haciendo encuentros de seguimiento, d\u00f3nde iremos trabajando con la familia para alcanzar los objetivos marcados. <\/span><\/p>\n<p>Las entrevistas tienen un papel muy importante, lo hacemos en la oficina pero tambi\u00e9n en su casa ya veces en espacios p\u00fablicos <span style=\"color: var( --e-global-color-text ); font-family: var( --e-global-typography-text-font-family ), Open Sans; font-weight: var( --e-global-typography-text-font-weight );\">.<\/span><span style=\"color: var( --e-global-color-text ); font-family: var( --e-global-typography-text-font-family ), Open Sans; font-weight: var( --e-global-typography-text-font-weight );\"><br \/><\/span><\/p>\n<p><strong>FHS: \u00bfY c\u00f3mo lo hace?<\/strong><\/p>\n<p>AM: Lo primero que hacemos conjuntamente es analizar cu\u00e1les son sus necesidades, qu\u00e9 problemas o situaciones deben resolver para poder caminar hacia su autonom\u00eda y salir de la exclusi\u00f3n residencial. Lo que todas tienen en com\u00fan es la falta en el acceso a la vivienda pero puede ser por muchos motivos: econ\u00f3micos, de funcionamiento social, desconocimiento del mundo administrativo, por no estar regularizadas&#8230; hay muchos. Este plan queda escrito y hacemos seguimiento peri\u00f3dico.<\/p>\n<p><strong>FHS: \u00bfY c\u00f3mo se relaciona con las familias?<\/strong><\/p>\n<p>AM: Con las familias creamos v\u00ednculos muy fuertes, les acompa\u00f1amos en momentos vitales muy importantes, y les ofrecemos una alta disponibilidad. Debemos ser muy polivalentes pues podemos encontrarnos con cualquier tipo de perfil.<\/p>\n<p><strong>FHS: \u00bfEs f\u00e1cil?<\/strong><\/p>\n<p>AN: S\u00ed y no, depende de cada familia, de su realidad, de las expectativas&#8230;<\/p>\n<p><strong>FHS: Y personalmente, \u00bfc\u00f3mo lo gestiona?<\/strong><\/p>\n<p>AM: Pues es complicado, debes pensar que a veces no podemos resolver o dar la respuesta m\u00e1s adecuada a lo que nos piden. Y esto puede generar frustraci\u00f3n y ansiedad a los educadores. El trabajo con los compa\u00f1eros aqu\u00ed es importante, tanto por la posibilidad de compartir emociones como a nivel t\u00e9cnico.<\/p>\n<p><strong>FHS: \u00bfY c\u00f3mo lo viven las familias?<\/strong><\/p>\n<p>AM: El proceso de autonom\u00eda no es lineal, hay pasos atr\u00e1s, pero debemos acompa\u00f1arlos. Hagamos mucha contenci\u00f3n emocional, escucha activa y acompa\u00f1amiento en sus capacidades. Es un despliegue de recursos importante, y sobre todo, \u00a1no infantilizar!<\/p>\n\t\t\t\t\t\t\t\t<\/div>\n\t\t\t\t\t<\/div>\n\t\t<\/div>\n\t\t\t\t\t<\/div>\n\t\t<\/section>\n\t\t\t\t<section class=\"elementor-section elementor-top-section elementor-element elementor-element-4d32a79 elementor-section-boxed elementor-section-height-default elementor-section-height-default\" data-id=\"4d32a79\" data-element_type=\"section\" data-e-type=\"section\">\n\t\t\t\t\t\t<div class=\"elementor-container elementor-column-gap-default\">\n\t\t\t\t\t<div class=\"elementor-column elementor-col-50 elementor-top-column elementor-element elementor-element-ba413a3\" data-id=\"ba413a3\" data-element_type=\"column\" data-e-type=\"column\">\n\t\t\t<div class=\"elementor-widget-wrap elementor-element-populated\">\n\t\t\t\t\t\t<div class=\"elementor-element elementor-element-f826f39 elementor-widget elementor-widget-text-editor\" data-id=\"f826f39\" data-element_type=\"widget\" data-e-type=\"widget\" data-widget_type=\"text-editor.default\">\n\t\t\t\t\t\t\t\t\t<p><strong>FHS: Mucha labor humana, pero tambi\u00e9n administrativa \u00bfverdad?<\/strong><\/p>\n<p>AM: S\u00ed, todo lo que hacemos debe quedar registrado. Adem\u00e1s est\u00e1 la labor de derivaci\u00f3n a los Servicios Sociales, los diferentes tr\u00e1mites de C\u00e1ritas&#8230;&nbsp;<\/p>\n<p>Y no podemos olvidarnos que, s<span style=\"color: var( --e-global-color-text ); font-family: var( --e-global-typography-text-font-family ), Open Sans; font-weight: var( --e-global-typography-text-font-weight );\">y la familia lo requiere, tambi\u00e9n podemos acompa\u00f1arlos a gestiones con la Generalitat, en el banco, con el SOC, en los CAPs, en los centros de salud mental&#8230; depende de cada familia, para ellas representa un aprendizaje importante y les apoyamos hasta que pueden hacerlo solas.&nbsp;<\/span><\/p>\n<p><strong>FHS: \u00bfHay muchos problemas de salud mental entre las familias?<\/strong><\/p>\n<p>AM: No s\u00e9 si son muchos, pero los hay. Algunos son diagnosticados, pero los problemas de salud mental percibida s\u00ed son muchos. Las familias vienen de vivir en habitaciones realquiladas, pisos ocupados, de pisos en situaciones de habitabilidad lamentables, de pasar hambre&#8230; y eso siempre deja huella.<\/p>\t\t\t\t\t\t\t\t<\/div>\n\t\t\t\t\t<\/div>\n\t\t<\/div>\n\t\t\t\t<div class=\"elementor-column elementor-col-50 elementor-top-column elementor-element elementor-element-bb6ce7a\" data-id=\"bb6ce7a\" data-element_type=\"column\" data-e-type=\"column\">\n\t\t\t<div class=\"elementor-widget-wrap elementor-element-populated\">\n\t\t\t\t\t\t<div class=\"elementor-element elementor-element-e4e62d7 elementor-widget-divider--view-line elementor-widget elementor-widget-divider\" data-id=\"e4e62d7\" data-element_type=\"widget\" data-e-type=\"widget\" data-widget_type=\"divider.default\">\n\t\t\t\t\t\t\t<div class=\"elementor-divider\">\n\t\t\t<span class=\"elementor-divider-separator\">\n\t\t\t\t\t\t<\/span>\n\t\t<\/div>\n\t\t\t\t\t\t<\/div>\n\t\t\t\t<div class=\"elementor-element elementor-element-53ba6a7 elementor-widget elementor-widget-image\" data-id=\"53ba6a7\" data-element_type=\"widget\" data-e-type=\"widget\" data-widget_type=\"image.default\">\n\t\t\t\t\t\t\t\t\t\t\t\t\t\t\t<img loading=\"lazy\" decoding=\"async\" width=\"545\" height=\"701\" src=\"https:\/\/habitatgesocial.org\/wp-content\/uploads\/2022\/11\/acompanyament.png\" class=\"attachment-large size-large wp-image-8435\" alt=\"\" srcset=\"https:\/\/habitatgesocial.org\/wp-content\/uploads\/2022\/11\/acompanyament.png 545w, https:\/\/habitatgesocial.org\/wp-content\/uploads\/2022\/11\/acompanyament-233x300.png 233w\" sizes=\"auto, (max-width: 545px) 100vw, 545px\" \/>\t\t\t\t\t\t\t\t\t\t\t\t\t\t\t<\/div>\n\t\t\t\t<div class=\"elementor-element elementor-element-1f6cc7b elementor-widget-divider--view-line elementor-widget elementor-widget-divider\" data-id=\"1f6cc7b\" data-element_type=\"widget\" data-e-type=\"widget\" data-widget_type=\"divider.default\">\n\t\t\t\t\t\t\t<div class=\"elementor-divider\">\n\t\t\t<span class=\"elementor-divider-separator\">\n\t\t\t\t\t\t<\/span>\n\t\t<\/div>\n\t\t\t\t\t\t<\/div>\n\t\t\t\t\t<\/div>\n\t\t<\/div>\n\t\t\t\t\t<\/div>\n\t\t<\/section>\n\t\t\t\t<section class=\"elementor-section elementor-top-section elementor-element elementor-element-ea2f3ba elementor-section-boxed elementor-section-height-default elementor-section-height-default\" data-id=\"ea2f3ba\" data-element_type=\"section\" data-e-type=\"section\">\n\t\t\t\t\t\t<div class=\"elementor-container elementor-column-gap-default\">\n\t\t\t\t\t<div class=\"elementor-column elementor-col-100 elementor-top-column elementor-element elementor-element-ef65d35\" data-id=\"ef65d35\" data-element_type=\"column\" data-e-type=\"column\">\n\t\t\t<div class=\"elementor-widget-wrap elementor-element-populated\">\n\t\t\t\t\t\t<div class=\"elementor-element elementor-element-703541e elementor-widget elementor-widget-text-editor\" data-id=\"703541e\" data-element_type=\"widget\" data-e-type=\"widget\" data-widget_type=\"text-editor.default\">\n\t\t\t\t\t\t\t\t\t<p><strong>FHS: \u00bfQu\u00e9 es lo que m\u00e1s le preocupa actualmente?<\/strong><\/p>\n<p>AM: Pues actualmente tenemos un problema importante, tenemos familias que ya han llegado a su techo, a la mejor situaci\u00f3n personal y laboral a la que pueden llegar y nos encontramos con que no pueden acceder a una vivienda fuera de la Fundaci\u00f3n por qu\u00e9 no encontramos vivienda de alquiler asequible. Tenemos un \u201ctap\u00f3n\u201d.<\/p>\n<p>Debemos trabajar con ellos para que encuentren una vivienda y esto supone en muchos casos marcharse de su entorno, fuera del \u00e1rea metropolitana con el riesgo que supone poder encontrarse otra vez sin red de apoyo. Pero tampoco se pueden quedar en los pisos de la Fundaci\u00f3, hay muchas familias esperando para entrar en el programa. Es necesario evitar la cronizaci\u00f3n.<\/p>\n<p><strong>FHS: Gracias Anna, te queda mucho trabajo hoy&#8230;<\/strong><\/p>\n<p>AM: S\u00ed, ahora me pondr\u00e9 a realizar llamadas ya &#8220;acompa\u00f1ar&#8221;<\/p>\n\t\t\t\t\t\t\t\t<\/div>\n\t\t\t\t\t<\/div>\n\t\t<\/div>\n\t\t\t\t\t<\/div>\n\t\t<\/section>\n\t\t\t\t<section class=\"elementor-section elementor-top-section elementor-element elementor-element-aa66c0d elementor-section-boxed elementor-section-height-default elementor-section-height-default\" data-id=\"aa66c0d\" data-element_type=\"section\" data-e-type=\"section\">\n\t\t\t\t\t\t<div class=\"elementor-container elementor-column-gap-default\">\n\t\t\t\t\t<div class=\"elementor-column elementor-col-100 elementor-top-column elementor-element elementor-element-11d41a4\" data-id=\"11d41a4\" data-element_type=\"column\" data-e-type=\"column\">\n\t\t\t<div class=\"elementor-widget-wrap elementor-element-populated\">\n\t\t\t\t\t\t<div class=\"elementor-element elementor-element-fdd679a elementor-widget-divider--view-line elementor-widget elementor-widget-divider\" data-id=\"fdd679a\" data-element_type=\"widget\" data-e-type=\"widget\" data-widget_type=\"divider.default\">\n\t\t\t\t\t\t\t<div class=\"elementor-divider\">\n\t\t\t<span class=\"elementor-divider-separator\">\n\t\t\t\t\t\t<\/span>\n\t\t<\/div>\n\t\t\t\t\t\t<\/div>\n\t\t\t\t\t<\/div>\n\t\t<\/div>\n\t\t\t\t\t<\/div>\n\t\t<\/section>\n\t\t\t\t<section class=\"elementor-section elementor-top-section elementor-element elementor-element-2cd8f45 elementor-section-boxed elementor-section-height-default elementor-section-height-default\" data-id=\"2cd8f45\" data-element_type=\"section\" data-e-type=\"section\">\n\t\t\t\t\t\t<div class=\"elementor-container elementor-column-gap-default\">\n\t\t\t\t\t<div class=\"elementor-column elementor-col-100 elementor-top-column elementor-element elementor-element-c30e408\" data-id=\"c30e408\" data-element_type=\"column\" data-e-type=\"column\">\n\t\t\t<div class=\"elementor-widget-wrap elementor-element-populated\">\n\t\t\t\t\t\t<div class=\"elementor-element elementor-element-ead9ab0 elementor-widget elementor-widget-text-editor\" data-id=\"ead9ab0\" data-element_type=\"widget\" data-e-type=\"widget\" data-widget_type=\"text-editor.default\">\n\t\t\t\t\t\t\t\t\t<p>Nuestro compromiso con los ODS 2030<\/p>\n\t\t\t\t\t\t\t\t<\/div>\n\t\t\t\t\t<\/div>\n\t\t<\/div>\n\t\t\t\t\t<\/div>\n\t\t<\/section>\n\t\t\t\t<section class=\"elementor-section elementor-top-section elementor-element elementor-element-a831f4d elementor-section-boxed elementor-section-height-default elementor-section-height-default\" data-id=\"a831f4d\" data-element_type=\"section\" data-e-type=\"section\">\n\t\t\t\t\t\t<div class=\"elementor-container elementor-column-gap-default\">\n\t\t\t\t\t<div class=\"elementor-column elementor-col-33 elementor-top-column elementor-element elementor-element-d0ef45d\" data-id=\"d0ef45d\" data-element_type=\"column\" data-e-type=\"column\">\n\t\t\t<div class=\"elementor-widget-wrap elementor-element-populated\">\n\t\t\t\t\t\t<div class=\"elementor-element elementor-element-fb0aba0 elementor-widget elementor-widget-image\" data-id=\"fb0aba0\" data-element_type=\"widget\" data-e-type=\"widget\" data-widget_type=\"image.default\">\n\t\t\t\t\t\t\t\t\t\t\t\t\t\t\t<img loading=\"lazy\" decoding=\"async\" width=\"508\" height=\"506\" src=\"https:\/\/habitatgesocial.org\/wp-content\/uploads\/2022\/02\/1odsfi-pobresa.jpg\" class=\"attachment-large size-large wp-image-8573\" alt=\"\" srcset=\"https:\/\/habitatgesocial.org\/wp-content\/uploads\/2022\/02\/1odsfi-pobresa.jpg 508w, https:\/\/habitatgesocial.org\/wp-content\/uploads\/2022\/02\/1odsfi-pobresa-300x300.jpg 300w, https:\/\/habitatgesocial.org\/wp-content\/uploads\/2022\/02\/1odsfi-pobresa-150x150.jpg 150w\" sizes=\"auto, (max-width: 508px) 100vw, 508px\" \/>\t\t\t\t\t\t\t\t\t\t\t\t\t\t\t<\/div>\n\t\t\t\t\t<\/div>\n\t\t<\/div>\n\t\t\t\t<div class=\"elementor-column elementor-col-33 elementor-top-column elementor-element elementor-element-4307575\" data-id=\"4307575\" data-element_type=\"column\" data-e-type=\"column\">\n\t\t\t<div class=\"elementor-widget-wrap elementor-element-populated\">\n\t\t\t\t\t\t<div class=\"elementor-element elementor-element-2c4a038 elementor-widget elementor-widget-image\" data-id=\"2c4a038\" data-element_type=\"widget\" data-e-type=\"widget\" data-widget_type=\"image.default\">\n\t\t\t\t\t\t\t\t\t\t\t\t\t\t\t<img decoding=\"async\" width=\"506\" height=\"506\" src=\"https:\/\/habitatgesocial.org\/wp-content\/uploads\/2022\/11\/3odssalut-i-benestar.jpg\" class=\"attachment-large size-large wp-image-8597\" alt=\"\" loading=\"lazy\" srcset=\"https:\/\/habitatgesocial.org\/wp-content\/uploads\/2022\/11\/3odssalut-i-benestar.jpg 506w, https:\/\/habitatgesocial.org\/wp-content\/uploads\/2022\/11\/3odssalut-i-benestar-300x300.jpg 300w, https:\/\/habitatgesocial.org\/wp-content\/uploads\/2022\/11\/3odssalut-i-benestar-150x150.jpg 150w\" sizes=\"auto, (max-width: 506px) 100vw, 506px\" \/>\t\t\t\t\t\t\t\t\t\t\t\t\t\t\t<\/div>\n\t\t\t\t\t<\/div>\n\t\t<\/div>\n\t\t\t\t<div class=\"elementor-column elementor-col-33 elementor-top-column elementor-element elementor-element-aa42ba6\" data-id=\"aa42ba6\" data-element_type=\"column\" data-e-type=\"column\">\n\t\t\t<div class=\"elementor-widget-wrap elementor-element-populated\">\n\t\t\t\t\t\t<div class=\"elementor-element elementor-element-6e78038 elementor-widget elementor-widget-image\" data-id=\"6e78038\" data-element_type=\"widget\" data-e-type=\"widget\" data-widget_type=\"image.default\">\n\t\t\t\t\t\t\t\t\t\t\t\t\t\t\t<img decoding=\"async\" width=\"509\" height=\"500\" src=\"https:\/\/habitatgesocial.org\/wp-content\/uploads\/2022\/11\/10odsreduccio-desigualtats.jpg\" class=\"attachment-large size-large wp-image-8590\" alt=\"\" loading=\"lazy\" srcset=\"https:\/\/habitatgesocial.org\/wp-content\/uploads\/2022\/11\/10odsreduccio-desigualtats.jpg 509w, https:\/\/habitatgesocial.org\/wp-content\/uploads\/2022\/11\/10odsreduccio-desigualtats-300x295.jpg 300w\" sizes=\"auto, (max-width: 509px) 100vw, 509px\" \/>\t\t\t\t\t\t\t\t\t\t\t\t\t\t\t<\/div>\n\t\t\t\t\t<\/div>\n\t\t<\/div>\n\t\t\t\t\t<\/div>\n\t\t<\/section>\n\t\t\t\t<\/div>\n\t\t","protected":false},"excerpt":{"rendered":"<p>Foto de Laura Pujol Actualmente la Fundaci\u00f3n tiene un equipo de 10 educadoras sociales que realizan el acompa\u00f1amiento a las familias que viven en los pisos que gestiona la entidad. Hablamos con Anna Moya , una de nuestras compa\u00f1eras, para que nos explique c\u00f3mo es su trabajo y su d\u00eda a d\u00eda. Fundaci\u00f3n Vivienda Social: &#8230; <a title=\"Un d\u00eda en la vida de una educadora social de la Fundaci\u00f3n\" class=\"read-more\" href=\"https:\/\/habitatgesocial.org\/es\/un-dia-en-la-vida-de-una-educadora-social-de-la-fundacion\/\" aria-label=\"Read more about Un d\u00eda en la vida de una educadora social de la Fundaci\u00f3n\">Read more<\/a><\/p>\n","protected":false},"author":2,"featured_media":8486,"comment_status":"closed","ping_status":"closed","sticky":false,"template":"","format":"standard","meta":{"footnotes":""},"categories":[10],"tags":[],"class_list":["post-9846","post","type-post","status-publish","format-standard","has-post-thumbnail","hentry","category-noticias"],"_links":{"self":[{"href":"https:\/\/habitatgesocial.org\/es\/wp-json\/wp\/v2\/posts\/9846","targetHints":{"allow":["GET"]}}],"collection":[{"href":"https:\/\/habitatgesocial.org\/es\/wp-json\/wp\/v2\/posts"}],"about":[{"href":"https:\/\/habitatgesocial.org\/es\/wp-json\/wp\/v2\/types\/post"}],"author":[{"embeddable":true,"href":"https:\/\/habitatgesocial.org\/es\/wp-json\/wp\/v2\/users\/2"}],"replies":[{"embeddable":true,"href":"https:\/\/habitatgesocial.org\/es\/wp-json\/wp\/v2\/comments?post=9846"}],"version-history":[{"count":0,"href":"https:\/\/habitatgesocial.org\/es\/wp-json\/wp\/v2\/posts\/9846\/revisions"}],"wp:featuredmedia":[{"embeddable":true,"href":"https:\/\/habitatgesocial.org\/es\/wp-json\/wp\/v2\/media\/8486"}],"wp:attachment":[{"href":"https:\/\/habitatgesocial.org\/es\/wp-json\/wp\/v2\/media?parent=9846"}],"wp:term":[{"taxonomy":"category","embeddable":true,"href":"https:\/\/habitatgesocial.org\/es\/wp-json\/wp\/v2\/categories?post=9846"},{"taxonomy":"post_tag","embeddable":true,"href":"https:\/\/habitatgesocial.org\/es\/wp-json\/wp\/v2\/tags?post=9846"}],"curies":[{"name":"wp","href":"https:\/\/api.w.org\/{rel}","templated":true}]}}