{"id":9838,"date":"2022-04-22T10:05:47","date_gmt":"2022-04-22T08:05:47","guid":{"rendered":"http:\/\/habitatgesocial.org\/lecturas-recomendadas-por-sant-jordi\/"},"modified":"2023-04-21T12:53:28","modified_gmt":"2023-04-21T10:53:28","slug":"lecturas-recomendadas-por-sant-jordi","status":"publish","type":"post","link":"https:\/\/habitatgesocial.org\/es\/lecturas-recomendadas-por-sant-jordi\/","title":{"rendered":"Lecturas recomendadas por Sant Jordi"},"content":{"rendered":"\t\t<div data-elementor-type=\"wp-post\" data-elementor-id=\"9838\" class=\"elementor elementor-9838 elementor-7331\" data-elementor-post-type=\"post\">\n\t\t\t\t\t\t<section class=\"elementor-section elementor-top-section elementor-element elementor-element-9709b60 elementor-section-boxed elementor-section-height-default elementor-section-height-default\" data-id=\"9709b60\" data-element_type=\"section\" data-e-type=\"section\">\n\t\t\t\t\t\t<div class=\"elementor-container elementor-column-gap-default\">\n\t\t\t\t\t<div class=\"elementor-column elementor-col-100 elementor-top-column elementor-element elementor-element-53bb168\" data-id=\"53bb168\" data-element_type=\"column\" data-e-type=\"column\">\n\t\t\t<div class=\"elementor-widget-wrap elementor-element-populated\">\n\t\t\t\t\t\t<div class=\"elementor-element elementor-element-c3793c0 elementor-widget elementor-widget-text-editor\" data-id=\"c3793c0\" data-element_type=\"widget\" data-e-type=\"widget\" data-widget_type=\"text-editor.default\">\n\t\t\t\t\t\t\t\t\t<pre>Aquestes s\u00f3n les lectures especialitzades en temes d'habitatge que us recomanem per Sant Jordi.<br\/><br\/>Clicant a les fotografies anireu a l'enlla\u00e7 on comprar el llibre o descarregar-lo en el cas dels pdf gratu\u00efts.<br\/><br\/>Bon Sant Jordi i bona lectura!<\/pre>\n\t\t\t\t\t\t\t\t<\/div>\n\t\t\t\t\t<\/div>\n\t\t<\/div>\n\t\t\t\t\t<\/div>\n\t\t<\/section>\n\t\t\t\t<section class=\"elementor-section elementor-top-section elementor-element elementor-element-8ee2dc0 elementor-section-boxed elementor-section-height-default elementor-section-height-default\" data-id=\"8ee2dc0\" data-element_type=\"section\" data-e-type=\"section\">\n\t\t\t\t\t\t<div class=\"elementor-container elementor-column-gap-default\">\n\t\t\t\t\t<div class=\"elementor-column elementor-col-33 elementor-top-column elementor-element elementor-element-0481fcf\" data-id=\"0481fcf\" data-element_type=\"column\" data-e-type=\"column\">\n\t\t\t<div class=\"elementor-widget-wrap elementor-element-populated\">\n\t\t\t\t\t\t<div class=\"elementor-element elementor-element-685cbcc elementor-widget elementor-widget-image\" data-id=\"685cbcc\" data-element_type=\"widget\" data-e-type=\"widget\" data-widget_type=\"image.default\">\n\t\t\t\t\t\t\t\t\t\t\t\t\t\t\t\t<a href=\"https:\/\/editorial.tirant.com\/es\/detalle?articulo=9788413976181\" target=\"_blank\" rel=\"noopener\">\n\t\t\t\t\t\t\t<img loading=\"lazy\" decoding=\"async\" width=\"180\" height=\"254\" src=\"https:\/\/habitatgesocial.org\/wp-content\/uploads\/2022\/04\/la-gestion-de-la-vivienda-social-en-clave-europea.webp\" class=\"attachment-large size-large wp-image-7367\" alt=\"\" \/>\t\t\t\t\t\t\t\t<\/a>\n\t\t\t\t\t\t\t\t\t\t\t\t\t\t\t<\/div>\n\t\t\t\t\t<\/div>\n\t\t<\/div>\n\t\t\t\t<div class=\"elementor-column elementor-col-66 elementor-top-column elementor-element elementor-element-571445b\" data-id=\"571445b\" data-element_type=\"column\" data-e-type=\"column\">\n\t\t\t<div class=\"elementor-widget-wrap elementor-element-populated\">\n\t\t\t\t\t\t<div class=\"elementor-element elementor-element-4252c65 elementor-widget elementor-widget-text-editor\" data-id=\"4252c65\" data-element_type=\"widget\" data-e-type=\"widget\" data-widget_type=\"text-editor.default\">\n\t\t\t\t\t\t\t\t\t<h2>La gesti\u00f3n de la vivienda social en clave europea<\/h2>\n<p>Autora: Nuria Lambea Lobo<\/p>\n<p>El objetivo de esta obra es responder a la necesidad existente en Espa\u00f1a (y a\u00fan sin resolver) de disponer de un marco legal com\u00fan y funcional para los proveedores y gestores de vivienda social, que permita estructurar y mejorar la eficiencia de un sector atomizado y desestructurado.<\/p>\n<p>El libro se estructura en cinco cap\u00edtulos. En el primero, el lector podr\u00e1 esclarecer conceptos como el de &#8220;vivienda social&#8221;, &#8220;vivienda asequible&#8221; o &#8220;gesti\u00f3n de vivienda social&#8221;. En el segundo, se lleva a cabo el estudio exhaustivo de 2 modelos comparados destacados a nivel internacional y elegidos por su capacidad de gestionar grandes parques de vivienda social y por su larga trayectoria haci\u00e9ndolo: el modelo de <em>housing association<\/em> ingl\u00e9s y el de <em>woningcorporatie<\/em> neerland\u00e9s. El tercer cap\u00edtulo permite conocer todos los modelos de gesti\u00f3n de vivienda social en Espa\u00f1a e indagar tanto en aspectos y pr\u00e1cticas consideradas de \u00e9xito como en las deficiencias e insuficiencias legales del sector. Los cap\u00edtulos cuarto y quinto recogen y clasifican las buenas pr\u00e1cticas detectadas en los modelos estudiados para posteriormente servir de gu\u00eda para el planteamiento de un modelo de provisi\u00f3n y gesti\u00f3n de vivienda social funcional para Espa\u00f1a.<\/p>\n\t\t\t\t\t\t\t\t<\/div>\n\t\t\t\t\t<\/div>\n\t\t<\/div>\n\t\t\t\t\t<\/div>\n\t\t<\/section>\n\t\t\t\t<section class=\"elementor-section elementor-top-section elementor-element elementor-element-72d20d8 elementor-section-boxed elementor-section-height-default elementor-section-height-default\" data-id=\"72d20d8\" data-element_type=\"section\" data-e-type=\"section\">\n\t\t\t\t\t\t<div class=\"elementor-container elementor-column-gap-default\">\n\t\t\t\t\t<div class=\"elementor-column elementor-col-100 elementor-top-column elementor-element elementor-element-768df8e\" data-id=\"768df8e\" data-element_type=\"column\" data-e-type=\"column\">\n\t\t\t<div class=\"elementor-widget-wrap elementor-element-populated\">\n\t\t\t\t\t\t<div class=\"elementor-element elementor-element-685644d elementor-widget elementor-widget-spacer\" data-id=\"685644d\" data-element_type=\"widget\" data-e-type=\"widget\" data-widget_type=\"spacer.default\">\n\t\t\t\t\t\t\t<div class=\"elementor-spacer\">\n\t\t\t<div class=\"elementor-spacer-inner\"><\/div>\n\t\t<\/div>\n\t\t\t\t\t\t<\/div>\n\t\t\t\t\t<\/div>\n\t\t<\/div>\n\t\t\t\t\t<\/div>\n\t\t<\/section>\n\t\t\t\t<section class=\"elementor-section elementor-top-section elementor-element elementor-element-3b69295 elementor-section-boxed elementor-section-height-default elementor-section-height-default\" data-id=\"3b69295\" data-element_type=\"section\" data-e-type=\"section\">\n\t\t\t\t\t\t<div class=\"elementor-container elementor-column-gap-default\">\n\t\t\t\t\t<div class=\"elementor-column elementor-col-33 elementor-top-column elementor-element elementor-element-a482eeb\" data-id=\"a482eeb\" data-element_type=\"column\" data-e-type=\"column\">\n\t\t\t<div class=\"elementor-widget-wrap elementor-element-populated\">\n\t\t\t\t\t\t<div class=\"elementor-element elementor-element-3dbc6bc elementor-widget elementor-widget-image\" data-id=\"3dbc6bc\" data-element_type=\"widget\" data-e-type=\"widget\" data-widget_type=\"image.default\">\n\t\t\t\t\t\t\t\t\t\t\t\t\t\t\t\t<a href=\"https:\/\/libreria.tirant.com\/es\/libro\/los-anos-de-la-crisis-de-la-vivienda-sergio-nasarre-aznar-9788413364827\" target=\"_blank\" rel=\"noopener\">\n\t\t\t\t\t\t\t<img loading=\"lazy\" decoding=\"async\" width=\"498\" height=\"700\" src=\"https:\/\/habitatgesocial.org\/wp-content\/uploads\/2022\/04\/anoscrisisvivienda.jpg\" class=\"attachment-large size-large wp-image-7338\" alt=\"\" srcset=\"https:\/\/habitatgesocial.org\/wp-content\/uploads\/2022\/04\/anoscrisisvivienda.jpg 498w, https:\/\/habitatgesocial.org\/wp-content\/uploads\/2022\/04\/anoscrisisvivienda-213x300.jpg 213w\" sizes=\"auto, (max-width: 498px) 100vw, 498px\" \/>\t\t\t\t\t\t\t\t<\/a>\n\t\t\t\t\t\t\t\t\t\t\t\t\t\t\t<\/div>\n\t\t\t\t\t<\/div>\n\t\t<\/div>\n\t\t\t\t<div class=\"elementor-column elementor-col-66 elementor-top-column elementor-element elementor-element-0d82552\" data-id=\"0d82552\" data-element_type=\"column\" data-e-type=\"column\">\n\t\t\t<div class=\"elementor-widget-wrap elementor-element-populated\">\n\t\t\t\t\t\t<div class=\"elementor-element elementor-element-24565cd elementor-widget elementor-widget-text-editor\" data-id=\"24565cd\" data-element_type=\"widget\" data-e-type=\"widget\" data-widget_type=\"text-editor.default\">\n\t\t\t\t\t\t\t\t\t<h2>Los a\u00f1os de la crisis de la vivienda<\/h2>\n<p>Autor: Sergio Nasarre Aznar<\/p>\n<p>El libro analiza los detonantes clave que provocaron la crisis, as\u00ed como las principales consecuencias de la misma durante los \u00faltimos 14 a\u00f1os, analizando cr\u00edticamente las medidas que se han venido adoptando hasta el momento, finalizando con la necesidad de reforma de sus formas de tenencia como la hipoteca, los alquileres, las tenencias intermedias y la vivienda colaborativa.<\/p>\n\t\t\t\t\t\t\t\t<\/div>\n\t\t\t\t\t<\/div>\n\t\t<\/div>\n\t\t\t\t\t<\/div>\n\t\t<\/section>\n\t\t\t\t<section class=\"elementor-section elementor-top-section elementor-element elementor-element-8b4e767 elementor-section-boxed elementor-section-height-default elementor-section-height-default\" data-id=\"8b4e767\" data-element_type=\"section\" data-e-type=\"section\">\n\t\t\t\t\t\t<div class=\"elementor-container elementor-column-gap-default\">\n\t\t\t\t\t<div class=\"elementor-column elementor-col-100 elementor-top-column elementor-element elementor-element-8be9a91\" data-id=\"8be9a91\" data-element_type=\"column\" data-e-type=\"column\">\n\t\t\t<div class=\"elementor-widget-wrap elementor-element-populated\">\n\t\t\t\t\t\t<div class=\"elementor-element elementor-element-a2977e1 elementor-widget elementor-widget-spacer\" data-id=\"a2977e1\" data-element_type=\"widget\" data-e-type=\"widget\" data-widget_type=\"spacer.default\">\n\t\t\t\t\t\t\t<div class=\"elementor-spacer\">\n\t\t\t<div class=\"elementor-spacer-inner\"><\/div>\n\t\t<\/div>\n\t\t\t\t\t\t<\/div>\n\t\t\t\t\t<\/div>\n\t\t<\/div>\n\t\t\t\t\t<\/div>\n\t\t<\/section>\n\t\t\t\t<section class=\"elementor-section elementor-top-section elementor-element elementor-element-0f8a8b5 elementor-section-boxed elementor-section-height-default elementor-section-height-default\" data-id=\"0f8a8b5\" data-element_type=\"section\" data-e-type=\"section\">\n\t\t\t\t\t\t<div class=\"elementor-container elementor-column-gap-default\">\n\t\t\t\t\t<div class=\"elementor-column elementor-col-33 elementor-top-column elementor-element elementor-element-096fd82\" data-id=\"096fd82\" data-element_type=\"column\" data-e-type=\"column\">\n\t\t\t<div class=\"elementor-widget-wrap elementor-element-populated\">\n\t\t\t\t\t\t<div class=\"elementor-element elementor-element-a8409fd elementor-widget elementor-widget-image\" data-id=\"a8409fd\" data-element_type=\"widget\" data-e-type=\"widget\" data-widget_type=\"image.default\">\n\t\t\t\t\t\t\t\t\t\t\t\t\t\t\t\t<a href=\"\">\n\t\t\t\t\t\t\t<img loading=\"lazy\" decoding=\"async\" width=\"300\" height=\"422\" src=\"https:\/\/habitatgesocial.org\/wp-content\/uploads\/2022\/04\/habitatgecooperatiucessious.jpg\" class=\"attachment-large size-large wp-image-7343\" alt=\"\" srcset=\"https:\/\/habitatgesocial.org\/wp-content\/uploads\/2022\/04\/habitatgecooperatiucessious.jpg 300w, https:\/\/habitatgesocial.org\/wp-content\/uploads\/2022\/04\/habitatgecooperatiucessious-213x300.jpg 213w\" sizes=\"auto, (max-width: 300px) 100vw, 300px\" \/>\t\t\t\t\t\t\t\t<\/a>\n\t\t\t\t\t\t\t\t\t\t\t\t\t\t\t<\/div>\n\t\t\t\t\t<\/div>\n\t\t<\/div>\n\t\t\t\t<div class=\"elementor-column elementor-col-66 elementor-top-column elementor-element elementor-element-dafcefb\" data-id=\"dafcefb\" data-element_type=\"column\" data-e-type=\"column\">\n\t\t\t<div class=\"elementor-widget-wrap elementor-element-populated\">\n\t\t\t\t\t\t<div class=\"elementor-element elementor-element-ad86efc elementor-widget elementor-widget-text-editor\" data-id=\"ad86efc\" data-element_type=\"widget\" data-e-type=\"widget\" data-widget_type=\"text-editor.default\">\n\t\t\t\t\t\t\t\t\t<h2>Vivienda cooperativa en cesi\u00f3n de uso.<\/h2>\n<h2><em style=\"font-size: 16px;\">Herramientas y criterios para su implementaci\u00f3n a nivel municipal.<\/em><\/h2>\n<p>Autor\u00eda: Clavell, Dolores \/ Ezpeleta Garc\u00eda, Isabel \/ Cabr\u00e9, Eduardo \/ Par\u00e9s Franzi, Marco \/ Chaia Santiago, Graciela \/ Prat Huertas, Mart\u00ed \/ Vidal Cors\u00e0, Lena \/ Soler Tarradellas, M. Jos\u00e9 <\/p>\n<p>Descarga gratuita<\/p>\n<p>La vivienda cooperativa en cesi\u00f3n de uso ya tiene una trayectoria de una decena de a\u00f1os y ha crecido con diversas iniciativas y experiencias. <\/p>\n<p>Esta publicaci\u00f3n da respuesta a las necesidades de los entes locales que desean impulsar la vivienda cooperativa en cesi\u00f3n de uso, facilit\u00e1ndoles conocimientos y herramientas para impulsar el modelo dentro de sus municipios: desde establecer el grado de apoyo que el ayuntamiento quiere prestar, hasta el an\u00e1lisis de la viabilidad de una promoci\u00f3n en un solar y la tramitaci\u00f3n de un concurso p\u00fablico para adjudicarlo a una cooperativa.<\/p>\n<p>De ello resulta una compilaci\u00f3n de la informaci\u00f3n m\u00e1s relevante que, adem\u00e1s de dar una idea global sobre el funcionamiento del mundo de la vivienda cooperativa, facilita la gesti\u00f3n t\u00e9cnica, jur\u00eddica y econ\u00f3mica del desarrollo de un proyecto.<\/p>\n\t\t\t\t\t\t\t\t<\/div>\n\t\t\t\t\t<\/div>\n\t\t<\/div>\n\t\t\t\t\t<\/div>\n\t\t<\/section>\n\t\t\t\t<section class=\"elementor-section elementor-top-section elementor-element elementor-element-764f427 elementor-section-boxed elementor-section-height-default elementor-section-height-default\" data-id=\"764f427\" data-element_type=\"section\" data-e-type=\"section\">\n\t\t\t\t\t\t<div class=\"elementor-container elementor-column-gap-default\">\n\t\t\t\t\t<div class=\"elementor-column elementor-col-100 elementor-top-column elementor-element elementor-element-bfadfc8\" data-id=\"bfadfc8\" data-element_type=\"column\" data-e-type=\"column\">\n\t\t\t<div class=\"elementor-widget-wrap elementor-element-populated\">\n\t\t\t\t\t\t<div class=\"elementor-element elementor-element-d4ab463 elementor-widget elementor-widget-spacer\" data-id=\"d4ab463\" data-element_type=\"widget\" data-e-type=\"widget\" data-widget_type=\"spacer.default\">\n\t\t\t\t\t\t\t<div class=\"elementor-spacer\">\n\t\t\t<div class=\"elementor-spacer-inner\"><\/div>\n\t\t<\/div>\n\t\t\t\t\t\t<\/div>\n\t\t\t\t\t<\/div>\n\t\t<\/div>\n\t\t\t\t\t<\/div>\n\t\t<\/section>\n\t\t\t\t<section class=\"elementor-section elementor-top-section elementor-element elementor-element-9206b9e elementor-section-boxed elementor-section-height-default elementor-section-height-default\" data-id=\"9206b9e\" data-element_type=\"section\" data-e-type=\"section\">\n\t\t\t\t\t\t<div class=\"elementor-container elementor-column-gap-default\">\n\t\t\t\t\t<div class=\"elementor-column elementor-col-33 elementor-top-column elementor-element elementor-element-20e761e\" data-id=\"20e761e\" data-element_type=\"column\" data-e-type=\"column\">\n\t\t\t<div class=\"elementor-widget-wrap elementor-element-populated\">\n\t\t\t\t\t\t<div class=\"elementor-element elementor-element-68914e0 elementor-widget elementor-widget-image\" data-id=\"68914e0\" data-element_type=\"widget\" data-e-type=\"widget\" data-widget_type=\"image.default\">\n\t\t\t\t\t\t\t\t\t\t\t\t\t\t\t\t<a href=\"https:\/\/ctesc.gencat.cat\/doc\/doc_13636361_1.pdf\" target=\"_blank\" rel=\"noopener\">\n\t\t\t\t\t\t\t<img loading=\"lazy\" decoding=\"async\" width=\"211\" height=\"300\" src=\"https:\/\/habitatgesocial.org\/wp-content\/uploads\/2022\/04\/el-dret-a-lhabitatge.webp\" class=\"attachment-large size-large wp-image-7353\" alt=\"\" \/>\t\t\t\t\t\t\t\t<\/a>\n\t\t\t\t\t\t\t\t\t\t\t\t\t\t\t<\/div>\n\t\t\t\t\t<\/div>\n\t\t<\/div>\n\t\t\t\t<div class=\"elementor-column elementor-col-66 elementor-top-column elementor-element elementor-element-3ad1251\" data-id=\"3ad1251\" data-element_type=\"column\" data-e-type=\"column\">\n\t\t\t<div class=\"elementor-widget-wrap elementor-element-populated\">\n\t\t\t\t\t\t<div class=\"elementor-element elementor-element-76ee700 elementor-widget elementor-widget-text-editor\" data-id=\"76ee700\" data-element_type=\"widget\" data-e-type=\"widget\" data-widget_type=\"text-editor.default\">\n\t\t\t\t\t\t\t\t\t<h2>El derecho a la vivienda<\/h2>\n<p>Director del informe: Xavier Riudor<\/p>\n<p>Descarga gratuita.<\/p>\n<p>El informe presenta los principales resultados de la investigaci\u00f3n en torno a los problemas para acceder a la vivienda y mantenerla en Catalu\u00f1a y adopta seis perspectivas complementarias a trav\u00e9s de las cuales se pretende ofrecer una visi\u00f3n completa de la situaci\u00f3n actual que sirva como base para la formulaci\u00f3n de recomendaciones.<\/p>\n<p>La primera perspectiva es la social, que se despliega de manera transversal en el informe y determina tres aspectos relevantes: la naturaleza del objeto de estudio (fruto de una preocupaci\u00f3n compartida), el inter\u00e9s por comprender los fen\u00f3menos que se analizan (las formas de exclusi\u00f3n residencial) y la voluntad por mejorar la situaci\u00f3n de partida (haciendo propuestas). Las otras cinco perspectivas son la hist\u00f3rica (an\u00e1lisis del contexto), la jur\u00eddica (an\u00e1lisis de la normativa y la jurisprudencia), la pol\u00edtico-econ\u00f3mica (an\u00e1lisis de la situaci\u00f3n actual y de las pol\u00edticas de vivienda), la comparada (an\u00e1lisis de experiencias en \u00e1mbito local, catal\u00e1n, espa\u00f1ol e internacional) y la propositiva (elaboraci\u00f3n de recomendaciones), cada una de las cuales toma el relevo a la anterior en los sucesivos cap\u00edtulos que configuran el informe.<\/p>\n\t\t\t\t\t\t\t\t<\/div>\n\t\t\t\t\t<\/div>\n\t\t<\/div>\n\t\t\t\t\t<\/div>\n\t\t<\/section>\n\t\t\t\t<section class=\"elementor-section elementor-top-section elementor-element elementor-element-773dcdd elementor-section-boxed elementor-section-height-default elementor-section-height-default\" data-id=\"773dcdd\" data-element_type=\"section\" data-e-type=\"section\">\n\t\t\t\t\t\t<div class=\"elementor-container elementor-column-gap-default\">\n\t\t\t\t\t<div class=\"elementor-column elementor-col-100 elementor-top-column elementor-element elementor-element-ad5b232\" data-id=\"ad5b232\" data-element_type=\"column\" data-e-type=\"column\">\n\t\t\t<div class=\"elementor-widget-wrap elementor-element-populated\">\n\t\t\t\t\t\t<div class=\"elementor-element elementor-element-cee4622 elementor-widget elementor-widget-spacer\" data-id=\"cee4622\" data-element_type=\"widget\" data-e-type=\"widget\" data-widget_type=\"spacer.default\">\n\t\t\t\t\t\t\t<div class=\"elementor-spacer\">\n\t\t\t<div class=\"elementor-spacer-inner\"><\/div>\n\t\t<\/div>\n\t\t\t\t\t\t<\/div>\n\t\t\t\t\t<\/div>\n\t\t<\/div>\n\t\t\t\t\t<\/div>\n\t\t<\/section>\n\t\t\t\t<section class=\"elementor-section elementor-top-section elementor-element elementor-element-f6eb65d elementor-section-boxed elementor-section-height-default elementor-section-height-default\" data-id=\"f6eb65d\" data-element_type=\"section\" data-e-type=\"section\">\n\t\t\t\t\t\t<div class=\"elementor-container elementor-column-gap-default\">\n\t\t\t\t\t<div class=\"elementor-column elementor-col-33 elementor-top-column elementor-element elementor-element-0dde8bb\" data-id=\"0dde8bb\" data-element_type=\"column\" data-e-type=\"column\">\n\t\t\t<div class=\"elementor-widget-wrap elementor-element-populated\">\n\t\t\t\t\t\t<div class=\"elementor-element elementor-element-1c0644a elementor-widget elementor-widget-image\" data-id=\"1c0644a\" data-element_type=\"widget\" data-e-type=\"widget\" data-widget_type=\"image.default\">\n\t\t\t\t\t\t\t\t\t\t\t\t\t\t\t\t<a href=\"\">\n\t\t\t\t\t\t\t<img loading=\"lazy\" decoding=\"async\" width=\"423\" height=\"591\" src=\"https:\/\/habitatgesocial.org\/wp-content\/uploads\/2022\/04\/dialegshabitatge2cat.jpg\" class=\"attachment-large size-large wp-image-7362\" alt=\"\" srcset=\"https:\/\/habitatgesocial.org\/wp-content\/uploads\/2022\/04\/dialegshabitatge2cat.jpg 423w, https:\/\/habitatgesocial.org\/wp-content\/uploads\/2022\/04\/dialegshabitatge2cat-215x300.jpg 215w\" sizes=\"auto, (max-width: 423px) 100vw, 423px\" \/>\t\t\t\t\t\t\t\t<\/a>\n\t\t\t\t\t\t\t\t\t\t\t\t\t\t\t<\/div>\n\t\t\t\t\t<\/div>\n\t\t<\/div>\n\t\t\t\t<div class=\"elementor-column elementor-col-66 elementor-top-column elementor-element elementor-element-fb54040\" data-id=\"fb54040\" data-element_type=\"column\" data-e-type=\"column\">\n\t\t\t<div class=\"elementor-widget-wrap elementor-element-populated\">\n\t\t\t\t\t\t<div class=\"elementor-element elementor-element-3703b55 elementor-widget elementor-widget-text-editor\" data-id=\"3703b55\" data-element_type=\"widget\" data-e-type=\"widget\" data-widget_type=\"text-editor.default\">\n\t\t\t\t\t\t\t\t\t<h2>La opci\u00f3n de regular el precio del alquiler frente a la falta de vivienda asequible.<\/h2>\n<p><em>An\u00e1lisis de la situaci\u00f3n de los alquileres en Barcelona en el contexto catal\u00e1n y espa\u00f1ol y de referentes europeos e internacionales en pol\u00edticas de regulaci\u00f3n de precios<\/em><\/p>\n<p>Relator\u00eda: Irene Peir\u00f3 Compains<\/p>\n<p>Descarga gratuita<\/p>\n<p>An\u00e1lisis de la situaci\u00f3n de los alquileres en Barcelona en el contexto catal\u00e1n y espa\u00f1ol y referentes europeos e internacionales en pol\u00edticas de regulaci\u00f3n de precios.<\/p>\n\t\t\t\t\t\t\t\t<\/div>\n\t\t\t\t\t<\/div>\n\t\t<\/div>\n\t\t\t\t\t<\/div>\n\t\t<\/section>\n\t\t\t\t<section class=\"elementor-section elementor-top-section elementor-element elementor-element-d48f57e elementor-section-boxed elementor-section-height-default elementor-section-height-default\" data-id=\"d48f57e\" data-element_type=\"section\" data-e-type=\"section\">\n\t\t\t\t\t\t<div class=\"elementor-container elementor-column-gap-default\">\n\t\t\t\t\t<div class=\"elementor-column elementor-col-100 elementor-top-column elementor-element elementor-element-5977ad8\" data-id=\"5977ad8\" data-element_type=\"column\" data-e-type=\"column\">\n\t\t\t<div class=\"elementor-widget-wrap elementor-element-populated\">\n\t\t\t\t\t\t<div class=\"elementor-element elementor-element-90911c3 elementor-widget elementor-widget-spacer\" data-id=\"90911c3\" data-element_type=\"widget\" data-e-type=\"widget\" data-widget_type=\"spacer.default\">\n\t\t\t\t\t\t\t<div class=\"elementor-spacer\">\n\t\t\t<div class=\"elementor-spacer-inner\"><\/div>\n\t\t<\/div>\n\t\t\t\t\t\t<\/div>\n\t\t\t\t\t<\/div>\n\t\t<\/div>\n\t\t\t\t\t<\/div>\n\t\t<\/section>\n\t\t\t\t<section class=\"elementor-section elementor-top-section elementor-element elementor-element-a48fec1 elementor-section-boxed elementor-section-height-default elementor-section-height-default\" data-id=\"a48fec1\" data-element_type=\"section\" data-e-type=\"section\">\n\t\t\t\t\t\t<div class=\"elementor-container elementor-column-gap-default\">\n\t\t\t\t\t<div class=\"elementor-column elementor-col-33 elementor-top-column elementor-element elementor-element-0832f4e\" data-id=\"0832f4e\" data-element_type=\"column\" data-e-type=\"column\">\n\t\t\t<div class=\"elementor-widget-wrap elementor-element-populated\">\n\t\t\t\t\t\t<div class=\"elementor-element elementor-element-dd9effb elementor-widget elementor-widget-image\" data-id=\"dd9effb\" data-element_type=\"widget\" data-e-type=\"widget\" data-widget_type=\"image.default\">\n\t\t\t\t\t\t\t\t\t\t\t\t\t\t\t\t<a href=\"https:\/\/www.thomsonreuters.es\/es\/tienda\/d%C3%BAo-papel-ebook\/La-Llei-del-dret-a-l%C2%B4habitatge-de-Catalunya:-deu-anys-de-vig%C3%A8ncia.-Balan%C3%A7-i-futur-Duo\/p\/10011124\" target=\"_blank\" rel=\"noopener\">\n\t\t\t\t\t\t\t<img loading=\"lazy\" decoding=\"async\" width=\"721\" height=\"1024\" src=\"https:\/\/habitatgesocial.org\/wp-content\/uploads\/2022\/04\/lleidrethabitatge-1-721x1024.jpg\" class=\"attachment-large size-large wp-image-7355\" alt=\"\" srcset=\"https:\/\/habitatgesocial.org\/wp-content\/uploads\/2022\/04\/lleidrethabitatge-1-721x1024.jpg 721w, https:\/\/habitatgesocial.org\/wp-content\/uploads\/2022\/04\/lleidrethabitatge-1-211x300.jpg 211w, https:\/\/habitatgesocial.org\/wp-content\/uploads\/2022\/04\/lleidrethabitatge-1-768x1091.jpg 768w, https:\/\/habitatgesocial.org\/wp-content\/uploads\/2022\/04\/lleidrethabitatge-1.jpg 850w\" sizes=\"auto, (max-width: 721px) 100vw, 721px\" \/>\t\t\t\t\t\t\t\t<\/a>\n\t\t\t\t\t\t\t\t\t\t\t\t\t\t\t<\/div>\n\t\t\t\t\t<\/div>\n\t\t<\/div>\n\t\t\t\t<div class=\"elementor-column elementor-col-66 elementor-top-column elementor-element elementor-element-f3bc4cb\" data-id=\"f3bc4cb\" data-element_type=\"column\" data-e-type=\"column\">\n\t\t\t<div class=\"elementor-widget-wrap elementor-element-populated\">\n\t\t\t\t\t\t<div class=\"elementor-element elementor-element-7dadf12 elementor-widget elementor-widget-text-editor\" data-id=\"7dadf12\" data-element_type=\"widget\" data-e-type=\"widget\" data-widget_type=\"text-editor.default\">\n\t\t\t\t\t\t\t\t\t<h2>La Ley del derecho a la vivienda de Catalu\u00f1a: diez a\u00f1os de vigencia. Balance y futuro<\/h2>\n<p>Coordinador: Instituto de Investigaci\u00f3n Transjus (Univ. de Barcelona)<\/p>\n<p>La publicaci\u00f3n recoge las reflexiones transversales de autor\/as en el marco de la efem\u00e9ride y en torno a la norma.<\/p>\n<p>La obra se propone realizar un balance de los diez a\u00f1os de vigencia de la ley, pensando tambi\u00e9n en el futuro y en la generaci\u00f3n de debate t\u00e9cnico, social y pol\u00edtico informado. A trav\u00e9s de once cap\u00edtulos, elaborados por diecis\u00e9is autores y autoras diversas, algunos de ellos m\u00e1s generales y otros centrados en aspectos espec\u00edficos claves de la norma, el libro lanza un hilo conductor a modo de repaso de los efectos de la norma, introduciendo tambi\u00e9n una mirada de contraste que posibilite detectar y esbozar las posibilidades existentes hoy en d\u00eda de aplicarla en campos donde todav\u00eda tiene recorrido, as\u00ed como en nuevos \u00e1mbitos donde pueda tener un impacto positivo en el sentido de proteger y garantizar de forma efectiva el derecho a la vivienda, poniendo a la vez de relieve en que podr\u00eda mejorarse la norma y las pol\u00edticas p\u00fablicas de vivienda que encuentran cobertura en ella.<\/p>\n<p>Los temas incluidos son la evaluaci\u00f3n general de la norma, el contexto comparado europeo y estatal, la vivienda social y el mandato de solidaridad urbana, la vivienda desocupada y la utilizaci\u00f3n an\u00f3mala, la planificaci\u00f3n local, metropolitana ya nivel de Catalu\u00f1a del derecho en la vivienda, la rehabilitaci\u00f3n, conservaci\u00f3n y mejora de las viviendas, la acci\u00f3n p\u00fablica en materia de vivienda, y el futuro en relaci\u00f3n a la protecci\u00f3n del derecho a la vivienda.<\/p>\n\t\t\t\t\t\t\t\t<\/div>\n\t\t\t\t\t<\/div>\n\t\t<\/div>\n\t\t\t\t\t<\/div>\n\t\t<\/section>\n\t\t\t\t<\/div>\n\t\t","protected":false},"excerpt":{"rendered":"<p>Aquestes s\u00f3n les lectures especialitzades en temes d&#8217;habitatge que us recomanem per Sant Jordi. Clicant a les fotografies anireu a l&#8217;enlla\u00e7 on comprar el llibre o descarregar-lo en el cas dels pdf gratu\u00efts. Bon Sant Jordi i bona lectura! La gesti\u00f3n de la vivienda social en clave europea Autora: Nuria Lambea Lobo El objetivo de &#8230; <a title=\"Lecturas recomendadas por Sant Jordi\" class=\"read-more\" href=\"https:\/\/habitatgesocial.org\/es\/lecturas-recomendadas-por-sant-jordi\/\" aria-label=\"Read more about Lecturas recomendadas por Sant Jordi\">Read more<\/a><\/p>\n","protected":false},"author":2,"featured_media":7334,"comment_status":"closed","ping_status":"closed","sticky":false,"template":"","format":"standard","meta":{"footnotes":""},"categories":[10],"tags":[],"class_list":["post-9838","post","type-post","status-publish","format-standard","has-post-thumbnail","hentry","category-noticias"],"_links":{"self":[{"href":"https:\/\/habitatgesocial.org\/es\/wp-json\/wp\/v2\/posts\/9838","targetHints":{"allow":["GET"]}}],"collection":[{"href":"https:\/\/habitatgesocial.org\/es\/wp-json\/wp\/v2\/posts"}],"about":[{"href":"https:\/\/habitatgesocial.org\/es\/wp-json\/wp\/v2\/types\/post"}],"author":[{"embeddable":true,"href":"https:\/\/habitatgesocial.org\/es\/wp-json\/wp\/v2\/users\/2"}],"replies":[{"embeddable":true,"href":"https:\/\/habitatgesocial.org\/es\/wp-json\/wp\/v2\/comments?post=9838"}],"version-history":[{"count":0,"href":"https:\/\/habitatgesocial.org\/es\/wp-json\/wp\/v2\/posts\/9838\/revisions"}],"wp:featuredmedia":[{"embeddable":true,"href":"https:\/\/habitatgesocial.org\/es\/wp-json\/wp\/v2\/media\/7334"}],"wp:attachment":[{"href":"https:\/\/habitatgesocial.org\/es\/wp-json\/wp\/v2\/media?parent=9838"}],"wp:term":[{"taxonomy":"category","embeddable":true,"href":"https:\/\/habitatgesocial.org\/es\/wp-json\/wp\/v2\/categories?post=9838"},{"taxonomy":"post_tag","embeddable":true,"href":"https:\/\/habitatgesocial.org\/es\/wp-json\/wp\/v2\/tags?post=9838"}],"curies":[{"name":"wp","href":"https:\/\/api.w.org\/{rel}","templated":true}]}}