{"id":6239,"date":"2019-07-03T18:59:00","date_gmt":"2019-07-03T16:59:00","guid":{"rendered":"http:\/\/habitatgesocial.org\/ampliacio-del-projecte-per-mesurar-leficiencia-energetica-dels-habitatges\/"},"modified":"2023-04-26T13:55:46","modified_gmt":"2023-04-26T11:55:46","slug":"ampliacio-del-projecte-per-mesurar-leficiencia-energetica-dels-habitatges","status":"publish","type":"post","link":"https:\/\/habitatgesocial.org\/es\/ampliacio-del-projecte-per-mesurar-leficiencia-energetica-dels-habitatges\/","title":{"rendered":"Ampliaci\u00f3n del proyecto para medir la eficiencia energ\u00e9tica de las viviendas"},"content":{"rendered":"\n<h5 class=\"wp-block-heading\">La Fundaci\u00f3n Fomento de la Vivienda Social ha ampliado el convenio de colaboraci\u00f3n con Cellnex Telecom, respecto del proyecto de sensorizaci\u00f3n de viviendas que se inici\u00f3 hace m\u00e1s de un a\u00f1o y que tiene como finalidad, la mejora de eficiencia energ\u00e9tica en las viviendas gestionadas por la entidad.<\/h5>\n\n<p>El n\u00famero total de viviendas sensorizadas a fecha de hoy suma 23 en la Fundaci\u00f3n Fomento de la Vivienda Social y un total de 50, entre las 3 entidades integrantes del programa impulsado por el proyecto M4Social de la Mesa de Entidades del Tercer Sector Social de Catalu\u00f1a (Fundaci\u00f3n Fomento de la Vivienda Social, H\u00e1bitat3 y Fundaci\u00f3n Familia y Bienestar Social). La segunda fase el proyecto se centrar\u00e1 en medir la humedad y la temperatura en los hogares. Adem\u00e1s, en estos d\u00edas se ha aprovechado para renovar la primera fase del proyecto piloto, realizando la revisi\u00f3n y\/o sustituci\u00f3n correspondiente de los sensores instalados el pasado a\u00f1o.<\/p>\n\n<p>\u00c9ste es el resultado de una apuesta por la tecnolog\u00eda y la transformaci\u00f3n digital, y c\u00f3mo esta aplicada a los hogares puede ayudar a mejorar la vida de las personas<\/p>\n","protected":false},"excerpt":{"rendered":"<p>La Fundaci\u00f3n Fomento de la Vivienda Social ha ampliado el convenio de colaboraci\u00f3n con Cellnex Telecom, respecto del proyecto de sensorizaci\u00f3n de viviendas que se inici\u00f3 hace m\u00e1s de un a\u00f1o y que tiene como finalidad, la mejora de eficiencia energ\u00e9tica en las viviendas gestionadas por la entidad. El n\u00famero total de viviendas sensorizadas a &#8230; <a title=\"Ampliaci\u00f3n del proyecto para medir la eficiencia energ\u00e9tica de las viviendas\" class=\"read-more\" href=\"https:\/\/habitatgesocial.org\/es\/ampliacio-del-projecte-per-mesurar-leficiencia-energetica-dels-habitatges\/\" aria-label=\"Read more about Ampliaci\u00f3n del proyecto para medir la eficiencia energ\u00e9tica de las viviendas\">Read more<\/a><\/p>\n","protected":false},"author":5,"featured_media":5278,"comment_status":"closed","ping_status":"closed","sticky":false,"template":"","format":"standard","meta":{"footnotes":""},"categories":[10],"tags":[],"class_list":["post-6239","post","type-post","status-publish","format-standard","has-post-thumbnail","hentry","category-noticias"],"_links":{"self":[{"href":"https:\/\/habitatgesocial.org\/es\/wp-json\/wp\/v2\/posts\/6239","targetHints":{"allow":["GET"]}}],"collection":[{"href":"https:\/\/habitatgesocial.org\/es\/wp-json\/wp\/v2\/posts"}],"about":[{"href":"https:\/\/habitatgesocial.org\/es\/wp-json\/wp\/v2\/types\/post"}],"author":[{"embeddable":true,"href":"https:\/\/habitatgesocial.org\/es\/wp-json\/wp\/v2\/users\/5"}],"replies":[{"embeddable":true,"href":"https:\/\/habitatgesocial.org\/es\/wp-json\/wp\/v2\/comments?post=6239"}],"version-history":[{"count":0,"href":"https:\/\/habitatgesocial.org\/es\/wp-json\/wp\/v2\/posts\/6239\/revisions"}],"wp:featuredmedia":[{"embeddable":true,"href":"https:\/\/habitatgesocial.org\/es\/wp-json\/wp\/v2\/media\/5278"}],"wp:attachment":[{"href":"https:\/\/habitatgesocial.org\/es\/wp-json\/wp\/v2\/media?parent=6239"}],"wp:term":[{"taxonomy":"category","embeddable":true,"href":"https:\/\/habitatgesocial.org\/es\/wp-json\/wp\/v2\/categories?post=6239"},{"taxonomy":"post_tag","embeddable":true,"href":"https:\/\/habitatgesocial.org\/es\/wp-json\/wp\/v2\/tags?post=6239"}],"curies":[{"name":"wp","href":"https:\/\/api.w.org\/{rel}","templated":true}]}}