{"id":6238,"date":"2019-10-01T18:57:00","date_gmt":"2019-10-01T16:57:00","guid":{"rendered":"http:\/\/habitatgesocial.org\/dia-europeu-de-les-fundacions-i-els-donants\/"},"modified":"2023-04-26T13:55:46","modified_gmt":"2023-04-26T11:55:46","slug":"dia-europeu-de-les-fundacions-i-els-donants","status":"publish","type":"post","link":"https:\/\/habitatgesocial.org\/es\/dia-europeu-de-les-fundacions-i-els-donants\/","title":{"rendered":"D\u00eda EUROPEO DE LAS FUNDACIONES Y LOS DONANTES"},"content":{"rendered":"\n<p>En este d\u00eda tan especial para nosotros, desde que nuestra entidad constituida como Fundaci\u00f3n en 1990, <strong>queremos dar las gracias m\u00e1s sinceras a todos aquellos donantes que nos han apoyado a lo largo de este camino<\/strong>, que no es otro que el de acompa\u00f1ar a las personas que m\u00e1s lo necesitan a tener una vida digna poniendo un hogar a su disposici\u00f3n.<\/p>\n\n<p>\u201cMaria y su marido lloraron de emoci\u00f3n cuando pudieron pasar la Navidad de hace 5 a\u00f1os con su beb\u00e9 al que ha sido desde entonces su hogar, justo despu\u00e9s de sufrir un desahucio que les dej\u00f3 en el calle y sin un sitio donde calentarse. Que su hijo durmiera caliente era su m\u00e1xima\u201d.<\/p>\n\n<p>\u00c9sta es una de las mil historias que cuentan la raz\u00f3n de ser de la Fundaci\u00f3n F. de la Vivienda Social.<\/p>\n","protected":false},"excerpt":{"rendered":"<p>En este d\u00eda tan especial para nosotros, desde que nuestra entidad constituida como Fundaci\u00f3n en 1990, queremos dar las gracias m\u00e1s sinceras a todos aquellos donantes que nos han apoyado a lo largo de este camino, que no es otro que el de acompa\u00f1ar a las personas que m\u00e1s lo necesitan a tener una vida &#8230; <a title=\"D\u00eda EUROPEO DE LAS FUNDACIONES Y LOS DONANTES\" class=\"read-more\" href=\"https:\/\/habitatgesocial.org\/es\/dia-europeu-de-les-fundacions-i-els-donants\/\" aria-label=\"Read more about D\u00eda EUROPEO DE LAS FUNDACIONES Y LOS DONANTES\">Read more<\/a><\/p>\n","protected":false},"author":5,"featured_media":5276,"comment_status":"closed","ping_status":"closed","sticky":false,"template":"","format":"standard","meta":{"footnotes":""},"categories":[10],"tags":[],"class_list":["post-6238","post","type-post","status-publish","format-standard","has-post-thumbnail","hentry","category-noticias"],"_links":{"self":[{"href":"https:\/\/habitatgesocial.org\/es\/wp-json\/wp\/v2\/posts\/6238","targetHints":{"allow":["GET"]}}],"collection":[{"href":"https:\/\/habitatgesocial.org\/es\/wp-json\/wp\/v2\/posts"}],"about":[{"href":"https:\/\/habitatgesocial.org\/es\/wp-json\/wp\/v2\/types\/post"}],"author":[{"embeddable":true,"href":"https:\/\/habitatgesocial.org\/es\/wp-json\/wp\/v2\/users\/5"}],"replies":[{"embeddable":true,"href":"https:\/\/habitatgesocial.org\/es\/wp-json\/wp\/v2\/comments?post=6238"}],"version-history":[{"count":0,"href":"https:\/\/habitatgesocial.org\/es\/wp-json\/wp\/v2\/posts\/6238\/revisions"}],"wp:featuredmedia":[{"embeddable":true,"href":"https:\/\/habitatgesocial.org\/es\/wp-json\/wp\/v2\/media\/5276"}],"wp:attachment":[{"href":"https:\/\/habitatgesocial.org\/es\/wp-json\/wp\/v2\/media?parent=6238"}],"wp:term":[{"taxonomy":"category","embeddable":true,"href":"https:\/\/habitatgesocial.org\/es\/wp-json\/wp\/v2\/categories?post=6238"},{"taxonomy":"post_tag","embeddable":true,"href":"https:\/\/habitatgesocial.org\/es\/wp-json\/wp\/v2\/tags?post=6238"}],"curies":[{"name":"wp","href":"https:\/\/api.w.org\/{rel}","templated":true}]}}