{"id":6234,"date":"2020-07-23T11:26:08","date_gmt":"2020-07-23T09:26:08","guid":{"rendered":"http:\/\/habitatgesocial.org\/30-anys-obrint-portes-30-anys-donant-oportunitats\/"},"modified":"2023-04-26T13:55:47","modified_gmt":"2023-04-26T11:55:47","slug":"30-anys-obrint-portes-30-anys-donant-oportunitats","status":"publish","type":"post","link":"https:\/\/habitatgesocial.org\/es\/30-anys-obrint-portes-30-anys-donant-oportunitats\/","title":{"rendered":"30 a\u00f1os abriendo puertas, 30 a\u00f1os dando oportunidades"},"content":{"rendered":"\n<p><strong>El 23 de Julio de 1990, un grupo de personas decididas y vinculadas a C\u00e1ritas Diocesana de Barcelona, pusieron en marcha un proyecto visionario: la creaci\u00f3n de una entidad sin \u00e1nimo de lucro, la <em>Fundaci\u00f3n P. Fomento de la Vivienda Social<\/em>, que diera respuesta a la problem\u00e1tica habitacional que ya sufr\u00eda la ciudad de Barcelona y sus alrededores, porque hace 30 a\u00f1os disponer de una vivienda familiar digna ya era para muchas personas un hito imposible.<\/strong><\/p>\n\n<p>En estos 30 a\u00f1os <strong>la Fundaci\u00f3n ha atendido a miles de familias<\/strong> que no dispon\u00edan de alternativa, se les ha ofrecido acompa\u00f1amiento y apoyo, y lo m\u00e1s importante: un hogar en el que refugiarse, donde crear v\u00ednculos y red social, un lugar donde estar tranquilos y seguros, donde descansar, un punto de partida para nuevas oportunidades, un espacio donde tener una identidad, donde agrupar a la familia y sentirse protegidos, un lugar donde mirar al futuro.<\/p>\n\n<p>El camino ha sido largo, muchas dificultades pero muchas tambi\u00e9n las oportunidades de mejora. Hemos crecido, nos hemos profesionalizado y especializado pero sobre todo, hemos continuado con el <strong>objetivo claro: ofrecer una vivienda digna sin distinciones<\/strong> .<\/p>\n\n<p>Continuaremos adelante, de la misma manera, con nuestra labor hacia las personas que m\u00e1s lo necesitan, con nuevos retos, intentando llegar m\u00e1s lejos, luchando por la inclusi\u00f3n social y por un mundo donde el derecho a la vivienda digna pueda ser realmente efectivo , teniendo muy presente que \u201c<em>Un hogar es m\u00e1s que un lugar donde vivir<\/em>\u201d.<\/p>\n","protected":false},"excerpt":{"rendered":"<p>El 23 de Julio de 1990, un grupo de personas decididas y vinculadas a C\u00e1ritas Diocesana de Barcelona, pusieron en marcha un proyecto visionario: la creaci\u00f3n de una entidad sin \u00e1nimo de lucro, la Fundaci\u00f3n P. Fomento de la Vivienda Social, que diera respuesta a la problem\u00e1tica habitacional que ya sufr\u00eda la ciudad de Barcelona &#8230; <a title=\"30 a\u00f1os abriendo puertas, 30 a\u00f1os dando oportunidades\" class=\"read-more\" href=\"https:\/\/habitatgesocial.org\/es\/30-anys-obrint-portes-30-anys-donant-oportunitats\/\" aria-label=\"Read more about 30 a\u00f1os abriendo puertas, 30 a\u00f1os dando oportunidades\">Read more<\/a><\/p>\n","protected":false},"author":5,"featured_media":612,"comment_status":"closed","ping_status":"closed","sticky":false,"template":"","format":"standard","meta":{"footnotes":""},"categories":[10],"tags":[],"class_list":["post-6234","post","type-post","status-publish","format-standard","has-post-thumbnail","hentry","category-noticias"],"_links":{"self":[{"href":"https:\/\/habitatgesocial.org\/es\/wp-json\/wp\/v2\/posts\/6234","targetHints":{"allow":["GET"]}}],"collection":[{"href":"https:\/\/habitatgesocial.org\/es\/wp-json\/wp\/v2\/posts"}],"about":[{"href":"https:\/\/habitatgesocial.org\/es\/wp-json\/wp\/v2\/types\/post"}],"author":[{"embeddable":true,"href":"https:\/\/habitatgesocial.org\/es\/wp-json\/wp\/v2\/users\/5"}],"replies":[{"embeddable":true,"href":"https:\/\/habitatgesocial.org\/es\/wp-json\/wp\/v2\/comments?post=6234"}],"version-history":[{"count":0,"href":"https:\/\/habitatgesocial.org\/es\/wp-json\/wp\/v2\/posts\/6234\/revisions"}],"wp:featuredmedia":[{"embeddable":true,"href":"https:\/\/habitatgesocial.org\/es\/wp-json\/wp\/v2\/media\/612"}],"wp:attachment":[{"href":"https:\/\/habitatgesocial.org\/es\/wp-json\/wp\/v2\/media?parent=6234"}],"wp:term":[{"taxonomy":"category","embeddable":true,"href":"https:\/\/habitatgesocial.org\/es\/wp-json\/wp\/v2\/categories?post=6234"},{"taxonomy":"post_tag","embeddable":true,"href":"https:\/\/habitatgesocial.org\/es\/wp-json\/wp\/v2\/tags?post=6234"}],"curies":[{"name":"wp","href":"https:\/\/api.w.org\/{rel}","templated":true}]}}