{"id":6229,"date":"2021-04-25T10:55:00","date_gmt":"2021-04-25T08:55:00","guid":{"rendered":"http:\/\/habitatgesocial.org\/sant-jordi-en-pandemia\/"},"modified":"2024-11-19T11:32:52","modified_gmt":"2024-11-19T10:32:52","slug":"sant-jordi-en-pandemia","status":"publish","type":"post","link":"https:\/\/habitatgesocial.org\/es\/sant-jordi-en-pandemia\/","title":{"rendered":"San Jorge en pandemia"},"content":{"rendered":"<p>La pandemia ha vuelto a acondicionar por segundo a\u00f1o Sant Jordi, pero desde la Fundaci\u00f3n no hemos querido conformarnos y la hemos celebrado con todos los miembros de la Fundaci\u00f3n.<\/p>\n<p> En los \u00faltimos d\u00edas, cuidando las medidas de seguridad, hemos grabado varios v\u00eddeos de trabajadores y familias que nos han querido recitar poemas que les son especialmente queridos y cercanos.<\/p>\n<p> Los pod\u00e9is ver en nuestro canal de <a href=\"https:\/\/www.youtube.com\/playlist?list=PL7dBu4gIdmFOzr47UyLhjeC-BVGbdrAae\" target=\"_blank\" rel=\"noopener\">Youtube<\/a> , pero aqu\u00ed os compartimos el v\u00eddeo de Santi recitando El calcet\u00edn de Miquel \u00c0ngel Llauger.<\/p>\n<p><iframe loading=\"lazy\" width=\"560\" height=\"500\" src=\"https:\/\/www.youtube.com\/embed\/_7bucIxs2dY?si=lHZOR4eVNc8AsOlZ\" title=\"YouTube video player\" frameborder=\"0\" allow=\"accelerometer; autoplay; clipboard-write; encrypted-media; gyroscope; picture-in-picture; web-share\" referrerpolicy=\"strict-origin-when-cross-origin\" allowfullscreen=\"\"><\/iframe><\/p>\n","protected":false},"excerpt":{"rendered":"<p>La pandemia ha vuelto a acondicionar por segundo a\u00f1o Sant Jordi, pero desde la Fundaci\u00f3n no hemos querido conformarnos y la hemos celebrado con todos los miembros de la Fundaci\u00f3n. En los \u00faltimos d\u00edas, cuidando las medidas de seguridad, hemos grabado varios v\u00eddeos de trabajadores y familias que nos han querido recitar poemas que les &#8230; <a title=\"San Jorge en pandemia\" class=\"read-more\" href=\"https:\/\/habitatgesocial.org\/es\/sant-jordi-en-pandemia\/\" aria-label=\"Read more about San Jorge en pandemia\">Read more<\/a><\/p>\n","protected":false},"author":2,"featured_media":4507,"comment_status":"closed","ping_status":"closed","sticky":false,"template":"","format":"standard","meta":{"footnotes":""},"categories":[10],"tags":[],"class_list":["post-6229","post","type-post","status-publish","format-standard","has-post-thumbnail","hentry","category-noticias"],"_links":{"self":[{"href":"https:\/\/habitatgesocial.org\/es\/wp-json\/wp\/v2\/posts\/6229","targetHints":{"allow":["GET"]}}],"collection":[{"href":"https:\/\/habitatgesocial.org\/es\/wp-json\/wp\/v2\/posts"}],"about":[{"href":"https:\/\/habitatgesocial.org\/es\/wp-json\/wp\/v2\/types\/post"}],"author":[{"embeddable":true,"href":"https:\/\/habitatgesocial.org\/es\/wp-json\/wp\/v2\/users\/2"}],"replies":[{"embeddable":true,"href":"https:\/\/habitatgesocial.org\/es\/wp-json\/wp\/v2\/comments?post=6229"}],"version-history":[{"count":2,"href":"https:\/\/habitatgesocial.org\/es\/wp-json\/wp\/v2\/posts\/6229\/revisions"}],"predecessor-version":[{"id":13380,"href":"https:\/\/habitatgesocial.org\/es\/wp-json\/wp\/v2\/posts\/6229\/revisions\/13380"}],"wp:featuredmedia":[{"embeddable":true,"href":"https:\/\/habitatgesocial.org\/es\/wp-json\/wp\/v2\/media\/4507"}],"wp:attachment":[{"href":"https:\/\/habitatgesocial.org\/es\/wp-json\/wp\/v2\/media?parent=6229"}],"wp:term":[{"taxonomy":"category","embeddable":true,"href":"https:\/\/habitatgesocial.org\/es\/wp-json\/wp\/v2\/categories?post=6229"},{"taxonomy":"post_tag","embeddable":true,"href":"https:\/\/habitatgesocial.org\/es\/wp-json\/wp\/v2\/tags?post=6229"}],"curies":[{"name":"wp","href":"https:\/\/api.w.org\/{rel}","templated":true}]}}