{"id":6228,"date":"2021-05-17T09:43:23","date_gmt":"2021-05-17T07:43:23","guid":{"rendered":"http:\/\/habitatgesocial.org\/?p=6228"},"modified":"2023-04-26T13:55:47","modified_gmt":"2023-04-26T11:55:47","slug":"la-fundacio-davant-lemergencia-habitacional-i-les-ocupacions","status":"publish","type":"post","link":"https:\/\/habitatgesocial.org\/es\/la-fundacio-davant-lemergencia-habitacional-i-les-ocupacions\/","title":{"rendered":"La Fundaci\u00f3n ante la emergencia habitacional y las ocupaciones"},"content":{"rendered":"\n<p>La Fundaci\u00f3n Fomento de la Vivienda Social es una entidad sin \u00e1nimo de lucro que llevamos 30 a\u00f1os acompa\u00f1ando a familias atendidas por C\u00e1ritas en situaci\u00f3n de vulnerabilidad para que puedan vivir en un hogar digno. La <strong>vivienda que les proporcionamos siempre es temporal<\/strong> , ya que el objetivo es que la familia salga adelante y vuelva a convertirse en aut\u00f3noma.<\/p>\n\n<p>La Fundaci\u00f3n tiene unos 400 pisos en Barcelona destinados al <strong>alquiler social<\/strong> y <strong>el 100% de estas viviendas se destinan a familias vulnerables<\/strong> . Por tanto, la fundaci\u00f3n no es una empresa que se dedique al negocio inmobiliario, sino todo lo contrario, ya que destina \u00edntegramente las viviendas a uso social. El precio del alquiler siempre se marca en funci\u00f3n de las posibilidades de la familia y nunca es superior a 280 \u20ac, pero cuando la familia ni siquiera puede aportar la cantidad pactada, desde la Fundaci\u00f3n y C\u00e1ritas revisamos individualmente la aportaci\u00f3n posible y las ayudas a activar.<\/p>\n\n<p>Desgraciadamente las familias deben esperar muchos meses para conseguir entrar a vivir en uno de los pisos de la fundaci\u00f3n, y por tanto, cuando llega el momento tan deseado, si se encuentran que en este piso ha estado ocupado y ya est\u00e1n viviendo otras personas , no pueden acceder. Cuando esto ocurre, el sufrimiento y la frustraci\u00f3n de las familias atendidas es muy grande, y en la mayor\u00eda de los casos, esta frustraci\u00f3n tiene un fuerte impacto sobre su salud.<\/p>\n\n<p>En estos casos tan concretos, la Fundaci\u00f3n siempre intenta hablar con las personas o familias que se encuentran ocupando la vivienda, para intentar ofrecerles una soluci\u00f3n alternativa, ya sea contactando y mediando con los servicios sociales municipales, o explic\u00e1ndoles que pueden empezar un itinerario de acompa\u00f1amiento en C\u00e1ritas. Eso s\u00ed, este itinerario de acompa\u00f1amiento tiene un recorrido claro y estipulado, y no es posible saltarse este procedimiento, ya que desgraciadamente hay mucha m\u00e1s gente vulnerable esperando por ser atendida y poder ser acompa\u00f1ada.<\/p>\n\n<p>S\u00f3lo en aquellos pocos casos en que las personas o familias que se encuentran ocupando el piso de la Fundaci\u00f3n no han querido hablar con nosotros ni con servicios sociales, o han rechazado todas las propuestas y alternativas que se les ha ofrecido, nos vemos obligados a abrir un procedimiento legal para desatascar la situaci\u00f3n e intentar que el equipamiento recobre su funci\u00f3n social original.<\/p>\n\n<p>En contadas ocasiones nos encontramos con que alguna familia atendida no quiere continuar con el acompa\u00f1amiento y el trabajo conjunto con la Fundaci\u00f3n y C\u00e1ritas. Si adem\u00e1s se detectan irregularidades y problemas de convivencia, entonces en la fundaci\u00f3n no nos queda otra opci\u00f3n que recuperar la funci\u00f3n original de la vivienda y garantizar que otra familia vulnerable pueda alojarse en el piso que lleva tanto tiempo esperando.<\/p>\n\n<p class=\"has-medium-font-size\"><strong>El impago del alquiler y suministros nunca es, en s\u00ed mismo, el motivo para iniciar el proceso de recuperaci\u00f3n de la vivienda.<\/strong><\/p>\n\n<p>Nuestra tarea es dar oportunidades y garantizar que las personas y familias que realizan este proceso de acompa\u00f1amiento con C\u00e1ritas y la Fundaci\u00f3n puedan finalmente acceder a la vivienda que necesitan desde hace tiempo. Sin este acompa\u00f1amiento, estas personas no tienen ad\u00f3nde ir y ven interrumpido el proceso de recuperaci\u00f3n de su dignidad. Debemos velar por ellas, y tambi\u00e9n para que nuestros equipamientos sirvan efectivamente para la funci\u00f3n social por la que han sido pensados.<\/p>\n\n<p>Desde la fundaci\u00f3n y desde C\u00e1ritas somos conscientes de que la situaci\u00f3n actual de la vivienda es un problema grave, y hace tiempo que desde <strong>las entidades sin \u00e1nimo de lucro reclamamos m\u00e1s parque p\u00fablico de viviendas sociales<\/strong>, para pasar del 2% actualmente disponible en Catalu\u00f1a, al 15%, que es la media europea. Y con la situaci\u00f3n de pandemia que estamos viviendo, esta situaci\u00f3n de emergencia habitacional todav\u00eda se ha agravado m\u00e1s en los \u00faltimos meses. Pero la soluci\u00f3n a esta emergencia habitacional nunca pasar\u00e1 por la ocupaci\u00f3n y mal uso de pisos destinados a uso social.<\/p>\n","protected":false},"excerpt":{"rendered":"<p>La Fundaci\u00f3n Fomento de la Vivienda Social es una entidad sin \u00e1nimo de lucro que llevamos 30 a\u00f1os acompa\u00f1ando a familias atendidas por C\u00e1ritas en situaci\u00f3n de vulnerabilidad para que puedan vivir en un hogar digno. La vivienda que les proporcionamos siempre es temporal , ya que el objetivo es que la familia salga adelante &#8230; <a title=\"La Fundaci\u00f3n ante la emergencia habitacional y las ocupaciones\" class=\"read-more\" href=\"https:\/\/habitatgesocial.org\/es\/la-fundacio-davant-lemergencia-habitacional-i-les-ocupacions\/\" aria-label=\"Read more about La Fundaci\u00f3n ante la emergencia habitacional y las ocupaciones\">Read more<\/a><\/p>\n","protected":false},"author":5,"featured_media":5385,"comment_status":"closed","ping_status":"closed","sticky":false,"template":"","format":"standard","meta":{"footnotes":""},"categories":[],"tags":[],"class_list":["post-6228","post","type-post","status-publish","format-standard","has-post-thumbnail","hentry"],"_links":{"self":[{"href":"https:\/\/habitatgesocial.org\/es\/wp-json\/wp\/v2\/posts\/6228","targetHints":{"allow":["GET"]}}],"collection":[{"href":"https:\/\/habitatgesocial.org\/es\/wp-json\/wp\/v2\/posts"}],"about":[{"href":"https:\/\/habitatgesocial.org\/es\/wp-json\/wp\/v2\/types\/post"}],"author":[{"embeddable":true,"href":"https:\/\/habitatgesocial.org\/es\/wp-json\/wp\/v2\/users\/5"}],"replies":[{"embeddable":true,"href":"https:\/\/habitatgesocial.org\/es\/wp-json\/wp\/v2\/comments?post=6228"}],"version-history":[{"count":0,"href":"https:\/\/habitatgesocial.org\/es\/wp-json\/wp\/v2\/posts\/6228\/revisions"}],"wp:featuredmedia":[{"embeddable":true,"href":"https:\/\/habitatgesocial.org\/es\/wp-json\/wp\/v2\/media\/5385"}],"wp:attachment":[{"href":"https:\/\/habitatgesocial.org\/es\/wp-json\/wp\/v2\/media?parent=6228"}],"wp:term":[{"taxonomy":"category","embeddable":true,"href":"https:\/\/habitatgesocial.org\/es\/wp-json\/wp\/v2\/categories?post=6228"},{"taxonomy":"post_tag","embeddable":true,"href":"https:\/\/habitatgesocial.org\/es\/wp-json\/wp\/v2\/tags?post=6228"}],"curies":[{"name":"wp","href":"https:\/\/api.w.org\/{rel}","templated":true}]}}