{"id":12813,"date":"2024-03-19T13:06:22","date_gmt":"2024-03-19T12:06:22","guid":{"rendered":"https:\/\/habitatgesocial.org\/el-desafio-de-la-etica-en-la-inteligencia-artificial-retos-por-el-mundo-social\/"},"modified":"2024-10-18T13:49:06","modified_gmt":"2024-10-18T11:49:06","slug":"el-desafio-de-la-etica-en-la-inteligencia-artificial-retos-por-el-mundo-social","status":"publish","type":"post","link":"https:\/\/habitatgesocial.org\/es\/el-desafio-de-la-etica-en-la-inteligencia-artificial-retos-por-el-mundo-social\/","title":{"rendered":"El desaf\u00edo de la \u00e9tica en la inteligencia artificial: retos por el mundo social"},"content":{"rendered":"\t\t<div data-elementor-type=\"wp-post\" data-elementor-id=\"12813\" class=\"elementor elementor-12813 elementor-11680\" data-elementor-post-type=\"post\">\n\t\t\t\t\t\t<section class=\"elementor-section elementor-top-section elementor-element elementor-element-e5ca408 elementor-section-boxed elementor-section-height-default elementor-section-height-default\" data-id=\"e5ca408\" data-element_type=\"section\" data-e-type=\"section\">\n\t\t\t\t\t\t<div class=\"elementor-container elementor-column-gap-default\">\n\t\t\t\t\t<div class=\"elementor-column elementor-col-100 elementor-top-column elementor-element elementor-element-6b9d3ad\" data-id=\"6b9d3ad\" data-element_type=\"column\" data-e-type=\"column\">\n\t\t\t<div class=\"elementor-widget-wrap elementor-element-populated\">\n\t\t\t\t\t\t<div class=\"elementor-element elementor-element-98d7d81 elementor-widget elementor-widget-text-editor\" data-id=\"98d7d81\" data-element_type=\"widget\" data-e-type=\"widget\" data-widget_type=\"text-editor.default\">\n\t\t\t\t\t\t\t\t\t<p class=\"laura-text-petit dreta\">Foto de Los M\u00e9lez<\/p>\n\t\t\t\t\t\t\t\t<\/div>\n\t\t\t\t\t<\/div>\n\t\t<\/div>\n\t\t\t\t\t<\/div>\n\t\t<\/section>\n\t\t\t\t<section class=\"elementor-section elementor-top-section elementor-element elementor-element-10b072f elementor-section-boxed elementor-section-height-default elementor-section-height-default\" data-id=\"10b072f\" data-element_type=\"section\" data-e-type=\"section\">\n\t\t\t\t\t\t<div class=\"elementor-container elementor-column-gap-default\">\n\t\t\t\t\t<div class=\"elementor-column elementor-col-100 elementor-top-column elementor-element elementor-element-644e262\" data-id=\"644e262\" data-element_type=\"column\" data-e-type=\"column\">\n\t\t\t<div class=\"elementor-widget-wrap elementor-element-populated\">\n\t\t\t\t\t\t<div class=\"elementor-element elementor-element-bf5adfd elementor-widget elementor-widget-text-editor\" data-id=\"bf5adfd\" data-element_type=\"widget\" data-e-type=\"widget\" data-widget_type=\"text-editor.default\">\n\t\t\t\t\t\t\t\t\t<h3><em>Como cada a\u00f1o, despu\u00e9s de la &#8220;obligada&#8221; visita al Mobile World Congress, Borja Ramon Beamonte, gestor TIC de la Fundaci\u00f3n, reflexiona sobre el futuro de la tecnolog\u00eda en el mundo social.  <\/em><\/h3>\n<h3><em>Ahora le toca a la inteligencia artificial (AI). 4 minutos para leerlo y un buen rato invitados a la reflexi\u00f3n. <\/em><\/h3>\n\t\t\t\t\t\t\t\t<\/div>\n\t\t\t\t\t<\/div>\n\t\t<\/div>\n\t\t\t\t\t<\/div>\n\t\t<\/section>\n\t\t\t\t<section class=\"elementor-section elementor-top-section elementor-element elementor-element-07bf76f elementor-section-boxed elementor-section-height-default elementor-section-height-default\" data-id=\"07bf76f\" data-element_type=\"section\" data-e-type=\"section\">\n\t\t\t\t\t\t<div class=\"elementor-container elementor-column-gap-default\">\n\t\t\t\t\t<div class=\"elementor-column elementor-col-100 elementor-top-column elementor-element elementor-element-9575283\" data-id=\"9575283\" data-element_type=\"column\" data-e-type=\"column\">\n\t\t\t<div class=\"elementor-widget-wrap elementor-element-populated\">\n\t\t\t\t\t\t<div class=\"elementor-element elementor-element-500fa5c elementor-widget-divider--view-line elementor-widget elementor-widget-divider\" data-id=\"500fa5c\" data-element_type=\"widget\" data-e-type=\"widget\" data-widget_type=\"divider.default\">\n\t\t\t\t\t\t\t<div class=\"elementor-divider\">\n\t\t\t<span class=\"elementor-divider-separator\">\n\t\t\t\t\t\t<\/span>\n\t\t<\/div>\n\t\t\t\t\t\t<\/div>\n\t\t\t\t\t<\/div>\n\t\t<\/div>\n\t\t\t\t\t<\/div>\n\t\t<\/section>\n\t\t\t\t<section class=\"elementor-section elementor-top-section elementor-element elementor-element-7ccd416 elementor-section-boxed elementor-section-height-default elementor-section-height-default\" data-id=\"7ccd416\" data-element_type=\"section\" data-e-type=\"section\">\n\t\t\t\t\t\t<div class=\"elementor-container elementor-column-gap-default\">\n\t\t\t\t\t<div class=\"elementor-column elementor-col-100 elementor-top-column elementor-element elementor-element-f9b011a\" data-id=\"f9b011a\" data-element_type=\"column\" data-e-type=\"column\">\n\t\t\t<div class=\"elementor-widget-wrap elementor-element-populated\">\n\t\t\t\t\t\t<div class=\"elementor-element elementor-element-47a0417 elementor-widget elementor-widget-text-editor\" data-id=\"47a0417\" data-element_type=\"widget\" data-e-type=\"widget\" data-widget_type=\"text-editor.default\">\n\t\t\t\t\t\t\t\t\t<p>La Inteligencia Artificial (IA) impresiona por su capacidad para realizar actividades complejas de una forma tan eficiente que supera cualquier aproximaci\u00f3n de las capacidades humanas. Tales como en tareas de reconocimiento visual, por ejemplo. \u00bfPor qu\u00e9 la IA muestras estos &#8220;s\u00faper poderes&#8221;? Porque utiliza patrones y caracter\u00edsticas para identificar objetos, rostros o emociones en las im\u00e1genes, gracias a algoritmos de aprendizaje profundo y de procesamiento de im\u00e1genes. Es decir, los transforma en ceros y unos, y realiza operaciones matem\u00e1ticas con ellos.    <\/p>\n<p>Contando, pues, que no pueden \u201cver\u201d, es bastante sorprendente la capacidad que tienen las m\u00e1quinas para <a href=\"https:\/\/www.nytimes.com\/es\/2023\/07\/20\/espanol\/openai-chatgpt-reconocimiento-facial.html\" target=\"_blank\" rel=\"noopener\">extraer informaci\u00f3n, entender e interpretar<\/a> el mundo visual con ese nivel de precisi\u00f3n. Son capaces de identificar rostros en una multitud con enorme rapidez y exactitud, identificar <a href=\"https:\/\/www.xataka.com\/inteligencia-artificial\/ia-google-logra-superar-a-radiologos-diagnosticando-cancer-pulmon-primeras-etapas-enfermedad\" target=\"_blank\" rel=\"noopener\">se\u00f1ales de tumores<\/a> en im\u00e1genes diagn\u00f3sticas, o interpretar <a href=\"https:\/\/emocional.co\/\" target=\"_blank\" rel=\"noopener\">el estado emocional<\/a> o <a href=\"https:\/\/www.youper.ai\/\" target=\"_blank\" rel=\"noopener\">salud mental<\/a> en base a expresiones faciales. La tecnolog\u00eda subyacente funciona mediante \u201credes neuronales artificiales\u201d, que aprenden a partir de grandes cantidades de datos etiquetados, ajustando los pesos de las conexiones (lo que \u201cvale cada p\u00edxel\u201d de cada neurona) para mejorar la precisi\u00f3n en las predicciones.  <\/p>\n<p>Estas habilidades pueden ser utilizadas para usos poco \u00e9ticos, como ocurre con todas las tecnolog\u00edas. Pueden permitirse el control de personas sin que se enteren, la denegaci\u00f3n o encarecimiento de seguros de salud o tratamientos, la identificaci\u00f3n de elementos descontentos en entornos de protesta social o en conflictos laborales. <\/p>\n<p><\/p>\t\t\t\t\t\t\t\t<\/div>\n\t\t\t\t\t<\/div>\n\t\t<\/div>\n\t\t\t\t\t<\/div>\n\t\t<\/section>\n\t\t\t\t<section class=\"elementor-section elementor-top-section elementor-element elementor-element-2385de4 elementor-section-boxed elementor-section-height-default elementor-section-height-default\" data-id=\"2385de4\" data-element_type=\"section\" data-e-type=\"section\">\n\t\t\t\t\t\t<div class=\"elementor-container elementor-column-gap-default\">\n\t\t\t\t\t<div class=\"elementor-column elementor-col-100 elementor-top-column elementor-element elementor-element-949f6a6\" data-id=\"949f6a6\" data-element_type=\"column\" data-e-type=\"column\">\n\t\t\t<div class=\"elementor-widget-wrap elementor-element-populated\">\n\t\t\t\t\t\t<div class=\"elementor-element elementor-element-3867448 elementor-widget elementor-widget-text-editor\" data-id=\"3867448\" data-element_type=\"widget\" data-e-type=\"widget\" data-widget_type=\"text-editor.default\">\n\t\t\t\t\t\t\t\t\t<h3>Sin embargo, existe un elemento a\u00fan m\u00e1s profundo de preocupaci\u00f3n generado por la IA, relativo no s\u00f3lo al uso que se le da, sino a su propio funcionamiento: cuando incorpora el proceso de recomendar o tomar la propia decisi\u00f3n. Las decisiones tomadas por las m\u00e1quinas pueden ser muy eficientes o rentables, efectivas y operativas desde puntos de vista racionales y econ\u00f3micos, pero esto no significa que sean las m\u00e1s adecuadas desde un punto de vista moral. Y aqu\u00ed encontramos un primer problema. \u00bfEl punto de vista moral de qui\u00e9n? \u00bfC\u00f3mo determinamos lo que es \u201cmoralmente aceptable\u201d? \u00bfQui\u00e9n lo decide?     <\/h3>\n\t\t\t\t\t\t\t\t<\/div>\n\t\t\t\t\t<\/div>\n\t\t<\/div>\n\t\t\t\t\t<\/div>\n\t\t<\/section>\n\t\t\t\t<section class=\"elementor-section elementor-top-section elementor-element elementor-element-f84b54b elementor-section-boxed elementor-section-height-default elementor-section-height-default\" data-id=\"f84b54b\" data-element_type=\"section\" data-e-type=\"section\">\n\t\t\t\t\t\t<div class=\"elementor-container elementor-column-gap-default\">\n\t\t\t\t\t<div class=\"elementor-column elementor-col-100 elementor-top-column elementor-element elementor-element-1ebff7d\" data-id=\"1ebff7d\" data-element_type=\"column\" data-e-type=\"column\">\n\t\t\t<div class=\"elementor-widget-wrap elementor-element-populated\">\n\t\t\t\t\t\t<div class=\"elementor-element elementor-element-85ea41a elementor-widget elementor-widget-text-editor\" data-id=\"85ea41a\" data-element_type=\"widget\" data-e-type=\"widget\" data-widget_type=\"text-editor.default\">\n\t\t\t\t\t\t\t\t\t<p>Podemos encontrar cierta analog\u00eda en la historia reciente de la comunicaci\u00f3n, cuando hace apenas dos d\u00e9cadas nacen las redes sociales. La comunicaci\u00f3n corporativa revela la naturaleza de las organizaciones, y, hasta la aparici\u00f3n de las redes sociales, pod\u00eda hacerlo de forma controlada y calculada, b\u00e1sicamente unidireccional, abocando al mercado y al p\u00fablico mensajes construidos con cuidado sobre lo que se pretende ser. <\/p>\n<p>Las redes lo terminaron de un tir\u00f3n, permitiendo exponer en crudo las interioridades de las organizaciones, e incluso interactuar directamente con actores que no eran los previstos. Cuesta mucho m\u00e1s mantener escondidas las interioridades si cualquiera con un m\u00f3vil puede colgar material escrito o gr\u00e1fico que puede verse en tiempo real en todo el mundo. Esta exposici\u00f3n no siempre ha sido positiva o bien recibida por las organizaciones, pues, a menudo, es f\u00e1cil que conocer c\u00f3mo son las cosas genere problemas de reputaci\u00f3n o aceptaci\u00f3n.  <\/p>\n<p>De forma similar, las decisiones tomadas por la IA pueden ser un reflejo de lo que hacemos las personas, de c\u00f3mo funciona la sociedad, m\u00e1s que de lo que creemos que hacemos o de lo que creemos que deber\u00edamos hacer. Toda persona es tres, \u00bfverdad, Jean? Quien cree ser, quien los dem\u00e1s creen que es, y quien realmente es. Y est\u00e1 claro que, en t\u00e9rminos morales, la conducta que manifiesta las personas y las normas que nos proponemos como rectoras del comportamiento no siempre coinciden.   <\/p>\n\t\t\t\t\t\t\t\t<\/div>\n\t\t\t\t\t<\/div>\n\t\t<\/div>\n\t\t\t\t\t<\/div>\n\t\t<\/section>\n\t\t\t\t<section class=\"elementor-section elementor-top-section elementor-element elementor-element-42c5cef elementor-section-boxed elementor-section-height-default elementor-section-height-default\" data-id=\"42c5cef\" data-element_type=\"section\" data-e-type=\"section\">\n\t\t\t\t\t\t<div class=\"elementor-container elementor-column-gap-default\">\n\t\t\t\t\t<div class=\"elementor-column elementor-col-100 elementor-top-column elementor-element elementor-element-2f60e70\" data-id=\"2f60e70\" data-element_type=\"column\" data-e-type=\"column\">\n\t\t\t<div class=\"elementor-widget-wrap elementor-element-populated\">\n\t\t\t\t\t\t<div class=\"elementor-element elementor-element-c6a3e80 elementor-widget elementor-widget-image\" data-id=\"c6a3e80\" data-element_type=\"widget\" data-e-type=\"widget\" data-widget_type=\"image.default\">\n\t\t\t\t\t\t\t\t\t\t\t\t<figure class=\"wp-caption\">\n\t\t\t\t\t\t\t\t\t\t<img loading=\"lazy\" decoding=\"async\" width=\"862\" height=\"542\" src=\"https:\/\/habitatgesocial.org\/wp-content\/uploads\/2024\/03\/max-langelott-wwq760meywi-unsplash-1024x644.jpg\" class=\"attachment-large size-large wp-image-11683\" alt=\"\" srcset=\"https:\/\/habitatgesocial.org\/wp-content\/uploads\/2024\/03\/max-langelott-wwq760meywi-unsplash-1024x644.jpg 1024w, https:\/\/habitatgesocial.org\/wp-content\/uploads\/2024\/03\/max-langelott-wwq760meywi-unsplash-300x189.jpg 300w, https:\/\/habitatgesocial.org\/wp-content\/uploads\/2024\/03\/max-langelott-wwq760meywi-unsplash-768x483.jpg 768w, https:\/\/habitatgesocial.org\/wp-content\/uploads\/2024\/03\/max-langelott-wwq760meywi-unsplash-1536x966.jpg 1536w, https:\/\/habitatgesocial.org\/wp-content\/uploads\/2024\/03\/max-langelott-wwq760meywi-unsplash-2048x1288.jpg 2048w\" sizes=\"auto, (max-width: 862px) 100vw, 862px\" \/>\t\t\t\t\t\t\t\t\t\t\t<figcaption class=\"widget-image-caption wp-caption-text\">Foto de <a href=\"https:\/\/unsplash.com\/es\/@freiburgermax?utm_content=creditCopyText&amp;utm_medium=referral&amp;utm_source=unsplash\" target=\"_blank\" rel=\"noopener\">Max Langelott<\/a> en <a href=\"https:\/\/unsplash.com\/es\/fotos\/fotografia-de-gran-elevacion-de-la-biblioteca-wWQ760meyWI?utm_content=creditCopyText&amp;utm_medium=referral&amp;utm_source=unsplash\" target=\"_blank\" rel=\"noopener\">Unsplash<\/a>   <\/figcaption>\n\t\t\t\t\t\t\t\t\t\t<\/figure>\n\t\t\t\t\t\t\t\t\t<\/div>\n\t\t\t\t\t<\/div>\n\t\t<\/div>\n\t\t\t\t\t<\/div>\n\t\t<\/section>\n\t\t\t\t<section class=\"elementor-section elementor-top-section elementor-element elementor-element-dbc1cf3 elementor-section-boxed elementor-section-height-default elementor-section-height-default\" data-id=\"dbc1cf3\" data-element_type=\"section\" data-e-type=\"section\">\n\t\t\t\t\t\t<div class=\"elementor-container elementor-column-gap-default\">\n\t\t\t\t\t<div class=\"elementor-column elementor-col-100 elementor-top-column elementor-element elementor-element-339da30\" data-id=\"339da30\" data-element_type=\"column\" data-e-type=\"column\">\n\t\t\t<div class=\"elementor-widget-wrap elementor-element-populated\">\n\t\t\t\t\t\t<div class=\"elementor-element elementor-element-8957423 elementor-widget elementor-widget-text-editor\" data-id=\"8957423\" data-element_type=\"widget\" data-e-type=\"widget\" data-widget_type=\"text-editor.default\">\n\t\t\t\t\t\t\t\t\t<p>Un dilema \u00e9tico cl\u00e1sico utilizado en este contexto es el &#8221; <a href=\"https:\/\/en.wikipedia.org\/wiki\/Trolley_problem\" target=\"_blank\" rel=\"noopener\">dilema del tranv\u00eda<\/a> &#8221; de la fil\u00f3sofa <a href=\"https:\/\/ca.wikipedia.org\/wiki\/Philippa_Foot\" target=\"_blank\" rel=\"noopener\">Philippa Foot,<\/a> planteado hace tanto como en 1967. Imagin\u00e9monos que un tranv\u00eda se dirige sin control hacia cinco personas atrapadas en la v\u00eda. El observador tiene la capacidad de activar una palanca que desv\u00eda el veh\u00edculo hacia otra v\u00eda, donde se encuentra, sin embargo, un trabajador que ser\u00e1 atropellado. \u00bfQu\u00e9 deber\u00eda elegir? \u00bfQu\u00e9 elegir\u00edamos cada uno de nosotros?    <\/p>\n<p>Este planteamiento ha sido punto de partida de art\u00edculos, estudios y an\u00e1lisis de escenarios referidos a la IA, sobre todo de los mecanismos de seguridad de veh\u00edculos aut\u00f3nomos cuando toca decidir cu\u00e1l es el &#8220;mal deseable&#8221; (el mal menor) en caso de que uno accidente sea inevitable, pero se pueda determinar un proceso de decisi\u00f3n (en este caso, el fabricante pueda incluir en la programaci\u00f3n) cu\u00e1les son las v\u00edctimas a evitar, incluido <a href=\"https:\/\/www.moralmachine.net\/hl\/es\" target=\"_blank\" rel=\"noopener\">un experimento en forma de videojuego<\/a> iniciado en 2014 y todav\u00eda en marcha.<\/p>\n<p>Si pensamos que las vicisitudes de la movilidad nos caen lejos, podemos trasladar sin mucho esfuerzo los cruces \u00e9ticos a procesos y situaciones bien presentes en la atenci\u00f3n social, en la que se presenta, si cabe, <a href=\"https:\/\/m4social.org\/es\/intelligencia-artificial-en-laccio-social\/\" target=\"_blank\" rel=\"noopener\">retos a\u00fan mayores<\/a> . Tales como herramientas inteligentes que ayuden a priorizar la distribuci\u00f3n de ayudas o recursos en situaciones asistenciales, a gestionar la atenci\u00f3n a personas en caso de emergencias o crisis, oa valorar la inclusi\u00f3n en programas de inserci\u00f3n en base al esfuerzo o los logros conseguidos por las personas. <\/p>\n<p>Los recursos son siempre finitos, as\u00ed que muy probablemente hablemos que, en la distribuci\u00f3n de resultados, hay personas que se quedar\u00e1n fuera de la soluci\u00f3n, que recibir\u00e1n menos, o que la recibir\u00e1n m\u00e1s tarde. \u00bfC\u00f3mo formar la cola? \u00bfC\u00f3mo construimos una m\u00e1quina que ayude a la atenci\u00f3n sabiendo que uno de los componentes del proceso puede ser distinguir qui\u00e9n tendr\u00e1 soluci\u00f3n y qui\u00e9n no? \u00bfCon qu\u00e9 criterios?   <\/p>\n<p>Actualmente se deben tener criterios porque estas problem\u00e1ticas existen, y son resueltas en la actualidad por los actores implicados (agentes sociales, entidades, instituciones&#8230;) de la mejor manera que pueden y saben. El sistema funciona. El AI podr\u00e1 ayudar a agilizar los procesos que sean objetivos, medibles, f\u00edsicos; los ingenieros se ocupan de ellos, y \u2013como hemos visto en los ejemplos precedentes\u2013 los resultados est\u00e1n siendo impresionantes.  <\/p>\n<p>Pero, para una correcta implementaci\u00f3n de la IA en el entorno social \u2013para que las herramientas basadas en algoritmos utilicen criterios \u00e9ticos\u2013 la parte cr\u00edtica es la participaci\u00f3n de los profesionales y especialistas del \u00e1mbito social, quienes la ejecutan realmente, no de los equipos de soporte t\u00e9cnico, de los financieros, de los gestores o de los directores. S\u00f3lo con la aportaci\u00f3n de quienes conocen la problem\u00e1tica de forma directa podremos garantizar que la IA contribuya positivamente a mejorar el mundo y no cree m\u00e1s problemas de injusticia de los que intenta resolver. <\/p><\/p>\n\t\t\t\t\t\t\t\t<\/div>\n\t\t\t\t\t<\/div>\n\t\t<\/div>\n\t\t\t\t\t<\/div>\n\t\t<\/section>\n\t\t\t\t<\/div>\n\t\t","protected":false},"excerpt":{"rendered":"<p>Foto de Los M\u00e9lez Como cada a\u00f1o, despu\u00e9s de la &#8220;obligada&#8221; visita al Mobile World Congress, Borja Ramon Beamonte, gestor TIC de la Fundaci\u00f3n, reflexiona sobre el futuro de la tecnolog\u00eda en el mundo social. Ahora le toca a la inteligencia artificial (AI). 4 minutos para leerlo y un buen rato invitados a la reflexi\u00f3n. &#8230; <a title=\"El desaf\u00edo de la \u00e9tica en la inteligencia artificial: retos por el mundo social\" class=\"read-more\" href=\"https:\/\/habitatgesocial.org\/es\/el-desafio-de-la-etica-en-la-inteligencia-artificial-retos-por-el-mundo-social\/\" aria-label=\"Read more about El desaf\u00edo de la \u00e9tica en la inteligencia artificial: retos por el mundo social\">Read more<\/a><\/p>\n","protected":false},"author":2,"featured_media":8901,"comment_status":"closed","ping_status":"closed","sticky":false,"template":"","format":"standard","meta":{"footnotes":""},"categories":[10],"tags":[],"class_list":["post-12813","post","type-post","status-publish","format-standard","has-post-thumbnail","hentry","category-noticias"],"_links":{"self":[{"href":"https:\/\/habitatgesocial.org\/es\/wp-json\/wp\/v2\/posts\/12813","targetHints":{"allow":["GET"]}}],"collection":[{"href":"https:\/\/habitatgesocial.org\/es\/wp-json\/wp\/v2\/posts"}],"about":[{"href":"https:\/\/habitatgesocial.org\/es\/wp-json\/wp\/v2\/types\/post"}],"author":[{"embeddable":true,"href":"https:\/\/habitatgesocial.org\/es\/wp-json\/wp\/v2\/users\/2"}],"replies":[{"embeddable":true,"href":"https:\/\/habitatgesocial.org\/es\/wp-json\/wp\/v2\/comments?post=12813"}],"version-history":[{"count":2,"href":"https:\/\/habitatgesocial.org\/es\/wp-json\/wp\/v2\/posts\/12813\/revisions"}],"predecessor-version":[{"id":13006,"href":"https:\/\/habitatgesocial.org\/es\/wp-json\/wp\/v2\/posts\/12813\/revisions\/13006"}],"wp:featuredmedia":[{"embeddable":true,"href":"https:\/\/habitatgesocial.org\/es\/wp-json\/wp\/v2\/media\/8901"}],"wp:attachment":[{"href":"https:\/\/habitatgesocial.org\/es\/wp-json\/wp\/v2\/media?parent=12813"}],"wp:term":[{"taxonomy":"category","embeddable":true,"href":"https:\/\/habitatgesocial.org\/es\/wp-json\/wp\/v2\/categories?post=12813"},{"taxonomy":"post_tag","embeddable":true,"href":"https:\/\/habitatgesocial.org\/es\/wp-json\/wp\/v2\/tags?post=12813"}],"curies":[{"name":"wp","href":"https:\/\/api.w.org\/{rel}","templated":true}]}}