{"id":11049,"date":"2023-10-11T10:46:13","date_gmt":"2023-10-11T08:46:13","guid":{"rendered":"http:\/\/habitatgesocial.org\/20o-aniversario-de-cohabitac\/"},"modified":"2024-07-26T13:01:01","modified_gmt":"2024-07-26T11:01:01","slug":"20o-aniversario-de-cohabitac","status":"publish","type":"post","link":"https:\/\/habitatgesocial.org\/es\/20o-aniversario-de-cohabitac\/","title":{"rendered":"20\u00ba Aniversario de COHABITAC"},"content":{"rendered":"\t\t<div data-elementor-type=\"wp-post\" data-elementor-id=\"11049\" class=\"elementor elementor-11049 elementor-10530\" data-elementor-post-type=\"post\">\n\t\t\t\t\t\t<section class=\"elementor-section elementor-top-section elementor-element elementor-element-0093761 elementor-section-boxed elementor-section-height-default elementor-section-height-default\" data-id=\"0093761\" data-element_type=\"section\" data-e-type=\"section\">\n\t\t\t\t\t\t<div class=\"elementor-container elementor-column-gap-default\">\n\t\t\t\t\t<div class=\"elementor-column elementor-col-100 elementor-top-column elementor-element elementor-element-bfbad6c\" data-id=\"bfbad6c\" data-element_type=\"column\" data-e-type=\"column\">\n\t\t\t<div class=\"elementor-widget-wrap elementor-element-populated\">\n\t\t\t\t\t\t<div class=\"elementor-element elementor-element-a070052 elementor-widget elementor-widget-text-editor\" data-id=\"a070052\" data-element_type=\"widget\" data-e-type=\"widget\" data-widget_type=\"text-editor.default\">\n\t\t\t\t\t\t\t\t\t<p><span lang=\"CA\">COHABITAC, la coordinadora de fundaciones promotoras y gestoras de vivienda social de alquiler de Catalu\u00f1a, de la que la Fundaci\u00f3n forma parte, celebra 20 a\u00f1os.<\/span><\/p>\n<p><span lang=\"CA\">A lo largo de estos a\u00f1os, las fundaciones miembros han promovido alrededor de 10.000 viviendas sociales y, en la actualidad, gestionan m\u00e1s de 4.000 viviendas de alquiler social, lo que representa aproximadamente un 10% del parque de vivienda social de alquiler de Catalu\u00f1a.<\/span><\/p>\n<p><span lang=\"CA\">Somos fundaciones diversas con un objetivo com\u00fan: combatir la exclusi\u00f3n residencial y sus efectos mediante la promoci\u00f3n, rehabilitaci\u00f3n, cesi\u00f3n, compra y gesti\u00f3n de viviendas de alquiler y damos respuesta a un abanico muy amplio de necesidades de vivienda y de inclusi\u00f3n y acompa\u00f1amiento social.<\/span><\/p>\n<p><span lang=\"CA\">Para celebrar lo que hemos hecho estos \u00faltimos 20 a\u00f1os y lo que podemos hacer en el futuro y se ha organizado un acto el pr\u00f3ximo 29 de noviembre a las 10.00h en el Hub Social de la Fundaci\u00f3n Bofill (C. Girona, 34, Barcelona )<\/span><\/p>\n<p><span lang=\"CA\">\u00a1Todas y todos y est\u00e1is invitados!<\/span><\/p><\/p>\n\t\t\t\t\t\t\t\t<\/div>\n\t\t\t\t\t<\/div>\n\t\t<\/div>\n\t\t\t\t\t<\/div>\n\t\t<\/section>\n\t\t\t\t<section class=\"elementor-section elementor-top-section elementor-element elementor-element-e7c075a elementor-section-boxed elementor-section-height-default elementor-section-height-default\" data-id=\"e7c075a\" data-element_type=\"section\" data-e-type=\"section\">\n\t\t\t\t\t\t<div class=\"elementor-container elementor-column-gap-default\">\n\t\t\t\t\t<div class=\"elementor-column elementor-col-100 elementor-top-column elementor-element elementor-element-e0ad430\" data-id=\"e0ad430\" data-element_type=\"column\" data-e-type=\"column\">\n\t\t\t<div class=\"elementor-widget-wrap elementor-element-populated\">\n\t\t\t\t\t\t<div class=\"elementor-element elementor-element-3a2ea4d elementor-align-center elementor-widget elementor-widget-button\" data-id=\"3a2ea4d\" data-element_type=\"widget\" data-e-type=\"widget\" data-widget_type=\"button.default\">\n\t\t\t\t\t\t\t\t\t\t<a class=\"elementor-button elementor-button-link elementor-size-sm\" href=\"https:\/\/www.cohabitac.cat\/acte-de-celebracio-del-20e-aniversari-de-cohabitac\/\" target=\"_blank\" rel=\"noopener\">\n\t\t\t\t\t\t<span class=\"elementor-button-content-wrapper\">\n\t\t\t\t\t\t\t\t\t<span class=\"elementor-button-text\">Consulta el programa<\/span>\n\t\t\t\t\t<\/span>\n\t\t\t\t\t<\/a>\n\t\t\t\t\t\t\t\t<\/div>\n\t\t\t\t\t<\/div>\n\t\t<\/div>\n\t\t\t\t\t<\/div>\n\t\t<\/section>\n\t\t\t\t<section class=\"elementor-section elementor-top-section elementor-element elementor-element-22786ff elementor-section-boxed elementor-section-height-default elementor-section-height-default\" data-id=\"22786ff\" data-element_type=\"section\" data-e-type=\"section\">\n\t\t\t\t\t\t<div class=\"elementor-container elementor-column-gap-default\">\n\t\t\t\t\t<div class=\"elementor-column elementor-col-100 elementor-top-column elementor-element elementor-element-6e72aa6\" data-id=\"6e72aa6\" data-element_type=\"column\" data-e-type=\"column\">\n\t\t\t<div class=\"elementor-widget-wrap elementor-element-populated\">\n\t\t\t\t\t\t<div class=\"elementor-element elementor-element-33ac327 elementor-align-center elementor-widget elementor-widget-button\" data-id=\"33ac327\" data-element_type=\"widget\" data-e-type=\"widget\" data-widget_type=\"button.default\">\n\t\t\t\t\t\t\t\t\t\t<a class=\"elementor-button elementor-button-link elementor-size-sm\" href=\"https:\/\/docs.google.com\/forms\/d\/e\/1FAIpQLSeW2ZQMbOTzZds0IGjgcZ6uTVggClyvMt0xsF0d4WbsuPO4jQ\/viewform\" target=\"_blank\" rel=\"noopener\">\n\t\t\t\t\t\t<span class=\"elementor-button-content-wrapper\">\n\t\t\t\t\t\t\t\t\t<span class=\"elementor-button-text\">Inscr\u00edbete<\/span>\n\t\t\t\t\t<\/span>\n\t\t\t\t\t<\/a>\n\t\t\t\t\t\t\t\t<\/div>\n\t\t\t\t\t<\/div>\n\t\t<\/div>\n\t\t\t\t\t<\/div>\n\t\t<\/section>\n\t\t\t\t<\/div>\n\t\t","protected":false},"excerpt":{"rendered":"<p>COHABITAC, la coordinadora de fundaciones promotoras y gestoras de vivienda social de alquiler de Catalu\u00f1a, de la que la Fundaci\u00f3n forma parte, celebra 20 a\u00f1os. A lo largo de estos a\u00f1os, las fundaciones miembros han promovido alrededor de 10.000 viviendas sociales y, en la actualidad, gestionan m\u00e1s de 4.000 viviendas de alquiler social, lo que &#8230; <a title=\"20\u00ba Aniversario de COHABITAC\" class=\"read-more\" href=\"https:\/\/habitatgesocial.org\/es\/20o-aniversario-de-cohabitac\/\" aria-label=\"Read more about 20\u00ba Aniversario de COHABITAC\">Read more<\/a><\/p>\n","protected":false},"author":2,"featured_media":10536,"comment_status":"closed","ping_status":"closed","sticky":false,"template":"","format":"standard","meta":{"footnotes":""},"categories":[10],"tags":[],"class_list":["post-11049","post","type-post","status-publish","format-standard","has-post-thumbnail","hentry","category-noticias"],"_links":{"self":[{"href":"https:\/\/habitatgesocial.org\/es\/wp-json\/wp\/v2\/posts\/11049","targetHints":{"allow":["GET"]}}],"collection":[{"href":"https:\/\/habitatgesocial.org\/es\/wp-json\/wp\/v2\/posts"}],"about":[{"href":"https:\/\/habitatgesocial.org\/es\/wp-json\/wp\/v2\/types\/post"}],"author":[{"embeddable":true,"href":"https:\/\/habitatgesocial.org\/es\/wp-json\/wp\/v2\/users\/2"}],"replies":[{"embeddable":true,"href":"https:\/\/habitatgesocial.org\/es\/wp-json\/wp\/v2\/comments?post=11049"}],"version-history":[{"count":1,"href":"https:\/\/habitatgesocial.org\/es\/wp-json\/wp\/v2\/posts\/11049\/revisions"}],"predecessor-version":[{"id":12003,"href":"https:\/\/habitatgesocial.org\/es\/wp-json\/wp\/v2\/posts\/11049\/revisions\/12003"}],"wp:featuredmedia":[{"embeddable":true,"href":"https:\/\/habitatgesocial.org\/es\/wp-json\/wp\/v2\/media\/10536"}],"wp:attachment":[{"href":"https:\/\/habitatgesocial.org\/es\/wp-json\/wp\/v2\/media?parent=11049"}],"wp:term":[{"taxonomy":"category","embeddable":true,"href":"https:\/\/habitatgesocial.org\/es\/wp-json\/wp\/v2\/categories?post=11049"},{"taxonomy":"post_tag","embeddable":true,"href":"https:\/\/habitatgesocial.org\/es\/wp-json\/wp\/v2\/tags?post=11049"}],"curies":[{"name":"wp","href":"https:\/\/api.w.org\/{rel}","templated":true}]}}