{"id":11017,"date":"2023-08-18T10:46:07","date_gmt":"2023-08-18T08:46:07","guid":{"rendered":"http:\/\/habitatgesocial.org\/ampliamos-el-parque-de-viviendas-con-un-nuevo-piso-en-sitges\/"},"modified":"2024-05-15T13:08:59","modified_gmt":"2024-05-15T11:08:59","slug":"ampliamos-el-parque-de-viviendas-con-un-nuevo-piso-en-sitges","status":"publish","type":"post","link":"https:\/\/habitatgesocial.org\/es\/ampliamos-el-parque-de-viviendas-con-un-nuevo-piso-en-sitges\/","title":{"rendered":"Ampliamos el parque de viviendas con un nuevo piso en Sitges"},"content":{"rendered":"<p>La Fundaci\u00f3n ampl\u00eda su parque de viviendas con un nuevo piso en Sitges que consta de cocina, sal\u00f3n-comedor, dos ba\u00f1os y tres habitaciones.<\/p>\n<p>De acuerdo con el funcionamiento con C\u00e1ritas Diocesana Sant Feliu, la Fundaci\u00f3n se har\u00e1 cargo de la gesti\u00f3n y mantenimiento de la vivienda, y ser\u00e1n los educadores y trabajadores sociales de C\u00e1ritas Sant Feliu que har\u00e1n el acompa\u00f1amiento de la familia que se ah\u00ed aloje. En esta ocasi\u00f3n est\u00e1 previsto que en breve entre a vivir a una pareja con sus dos hijos.<\/p>\n<p>Si est\u00e1s interesado en ceder una vivienda a la Fundaci\u00f3n y\/o quieres informarte de c\u00f3mo hacerlo, visita nuestra <a href=\"https:\/\/habitatgesocial.org\/es\/cede-una-vivienda\/\">web<\/a> o llama a nuestras oficinas 933 027 197.<\/p>\n","protected":false},"excerpt":{"rendered":"<p>La Fundaci\u00f3n ampl\u00eda su parque de viviendas con un nuevo piso en Sitges que consta de cocina, sal\u00f3n-comedor, dos ba\u00f1os y tres habitaciones. De acuerdo con el funcionamiento con C\u00e1ritas Diocesana Sant Feliu, la Fundaci\u00f3n se har\u00e1 cargo de la gesti\u00f3n y mantenimiento de la vivienda, y ser\u00e1n los educadores y trabajadores sociales de C\u00e1ritas &#8230; <a title=\"Ampliamos el parque de viviendas con un nuevo piso en Sitges\" class=\"read-more\" href=\"https:\/\/habitatgesocial.org\/es\/ampliamos-el-parque-de-viviendas-con-un-nuevo-piso-en-sitges\/\" aria-label=\"Read more about Ampliamos el parque de viviendas con un nuevo piso en Sitges\">Read more<\/a><\/p>\n","protected":false},"author":2,"featured_media":10548,"comment_status":"closed","ping_status":"closed","sticky":false,"template":"","format":"standard","meta":{"footnotes":""},"categories":[10],"tags":[],"class_list":["post-11017","post","type-post","status-publish","format-standard","has-post-thumbnail","hentry","category-noticias"],"_links":{"self":[{"href":"https:\/\/habitatgesocial.org\/es\/wp-json\/wp\/v2\/posts\/11017","targetHints":{"allow":["GET"]}}],"collection":[{"href":"https:\/\/habitatgesocial.org\/es\/wp-json\/wp\/v2\/posts"}],"about":[{"href":"https:\/\/habitatgesocial.org\/es\/wp-json\/wp\/v2\/types\/post"}],"author":[{"embeddable":true,"href":"https:\/\/habitatgesocial.org\/es\/wp-json\/wp\/v2\/users\/2"}],"replies":[{"embeddable":true,"href":"https:\/\/habitatgesocial.org\/es\/wp-json\/wp\/v2\/comments?post=11017"}],"version-history":[{"count":1,"href":"https:\/\/habitatgesocial.org\/es\/wp-json\/wp\/v2\/posts\/11017\/revisions"}],"predecessor-version":[{"id":11999,"href":"https:\/\/habitatgesocial.org\/es\/wp-json\/wp\/v2\/posts\/11017\/revisions\/11999"}],"wp:featuredmedia":[{"embeddable":true,"href":"https:\/\/habitatgesocial.org\/es\/wp-json\/wp\/v2\/media\/10548"}],"wp:attachment":[{"href":"https:\/\/habitatgesocial.org\/es\/wp-json\/wp\/v2\/media?parent=11017"}],"wp:term":[{"taxonomy":"category","embeddable":true,"href":"https:\/\/habitatgesocial.org\/es\/wp-json\/wp\/v2\/categories?post=11017"},{"taxonomy":"post_tag","embeddable":true,"href":"https:\/\/habitatgesocial.org\/es\/wp-json\/wp\/v2\/tags?post=11017"}],"curies":[{"name":"wp","href":"https:\/\/api.w.org\/{rel}","templated":true}]}}